{"id":33349,"date":"2022-05-10T15:06:16","date_gmt":"2022-05-10T18:06:16","guid":{"rendered":"https:\/\/www.uninter.com\/radio\/?p=33349"},"modified":"2022-05-16T11:34:47","modified_gmt":"2022-05-16T14:34:47","slug":"sua-saude-106","status":"publish","type":"post","link":"https:\/\/www.uninter.com\/radio\/sua-saude-106","title":{"rendered":"Sua Sa\u00fade #105"},"content":{"rendered":"\n<figure class=\"wp-block-audio\"><audio controls src=\"https:\/\/www.uninter.com\/radio\/wp-content\/uploads\/2022\/05\/sua-saude-03_05_2022.mp3\"><\/audio><\/figure>\n\n\n\n<p>Uma das principais \u00e1reas de sa\u00fade no trabalho \u00e9 a da ergonomia, e n\u00f3s vamos debater este tema no Sua Sa\u00fade.<\/p>\n\n\n\n<p>Para o bate-papo, Barbara Carvalho recebe a professora e fisioterapeuta, Fernanda Cercal.<\/p>\n","protected":false},"excerpt":{"rendered":"<p>Uma das principais \u00e1reas de sa\u00fade no trabalho \u00e9 a da ergonomia, e n\u00f3s vamos&#8230;<\/p>\n","protected":false},"author":3,"featured_media":31131,"comment_status":"open","ping_status":"open","sticky":false,"template":"","format":"standard","meta":[],"categories":[2716],"tags":[],"_links":{"self":[{"href":"https:\/\/www.uninter.com\/radio\/wp-json\/wp\/v2\/posts\/33349"}],"collection":[{"href":"https:\/\/www.uninter.com\/radio\/wp-json\/wp\/v2\/posts"}],"about":[{"href":"https:\/\/www.uninter.com\/radio\/wp-json\/wp\/v2\/types\/post"}],"author":[{"embeddable":true,"href":"https:\/\/www.uninter.com\/radio\/wp-json\/wp\/v2\/users\/3"}],"replies":[{"embeddable":true,"href":"https:\/\/www.uninter.com\/radio\/wp-json\/wp\/v2\/comments?post=33349"}],"version-history":[{"count":2,"href":"https:\/\/www.uninter.com\/radio\/wp-json\/wp\/v2\/posts\/33349\/revisions"}],"predecessor-version":[{"id":33389,"href":"https:\/\/www.uninter.com\/radio\/wp-json\/wp\/v2\/posts\/33349\/revisions\/33389"}],"wp:featuredmedia":[{"embeddable":true,"href":"https:\/\/www.uninter.com\/radio\/wp-json\/wp\/v2\/media\/31131"}],"wp:attachment":[{"href":"https:\/\/www.uninter.com\/radio\/wp-json\/wp\/v2\/media?parent=33349"}],"wp:term":[{"taxonomy":"category","embeddable":true,"href":"https:\/\/www.uninter.com\/radio\/wp-json\/wp\/v2\/categories?post=33349"},{"taxonomy":"post_tag","embeddable":true,"href":"https:\/\/www.uninter.com\/radio\/wp-json\/wp\/v2\/tags?post=33349"}],"curies":[{"name":"wp","href":"https:\/\/api.w.org\/{rel}","templated":true}]}}