{"id":33335,"date":"2022-05-04T17:29:13","date_gmt":"2022-05-04T20:29:13","guid":{"rendered":"https:\/\/www.uninter.com\/radio\/?p=33335"},"modified":"2022-05-04T17:29:14","modified_gmt":"2022-05-04T20:29:14","slug":"uninter-informa-02-2022","status":"publish","type":"post","link":"https:\/\/www.uninter.com\/radio\/uninter-informa-02-2022","title":{"rendered":"Uninter Informa #02.2022"},"content":{"rendered":"\n<figure class=\"wp-block-audio\"><audio controls src=\"https:\/\/www.uninter.com\/radio\/wp-content\/uploads\/2022\/05\/UI29-04-2022_mixagem.mp3-ok-online-audio-converter.com_.mp3\"><\/audio><\/figure>\n\n\n\n<p>Apresentado por Paulo Pess\u00f4a, o programa Uninter Informa traz tr\u00eas reportagens. A edi\u00e7\u00e3o aborda como a preocupa\u00e7\u00e3o com a sa\u00fade f\u00edsica e mental se tornaram maior desde a pandemia, na reportagem de Rozielen Santos. J\u00e1 a rep\u00f3rter Estefani Beatriz fala sobre o Encontro Nacional de Ensino de Jornalismo (Enejor), que foi realizado entre os dias 20 e 22 deste m\u00eas, na Universidade Federal do Piau\u00ed (UFPI). <\/p>\n\n\n\n<p>Confira estes assuntos e muito mais.<\/p>\n","protected":false},"excerpt":{"rendered":"<p>Apresentado por Paulo Pess\u00f4a, o programa Uninter Informa traz tr\u00eas reportagens. A edi\u00e7\u00e3o aborda como&#8230;<\/p>\n","protected":false},"author":3,"featured_media":31197,"comment_status":"open","ping_status":"open","sticky":false,"template":"","format":"standard","meta":[],"categories":[2747],"tags":[],"_links":{"self":[{"href":"https:\/\/www.uninter.com\/radio\/wp-json\/wp\/v2\/posts\/33335"}],"collection":[{"href":"https:\/\/www.uninter.com\/radio\/wp-json\/wp\/v2\/posts"}],"about":[{"href":"https:\/\/www.uninter.com\/radio\/wp-json\/wp\/v2\/types\/post"}],"author":[{"embeddable":true,"href":"https:\/\/www.uninter.com\/radio\/wp-json\/wp\/v2\/users\/3"}],"replies":[{"embeddable":true,"href":"https:\/\/www.uninter.com\/radio\/wp-json\/wp\/v2\/comments?post=33335"}],"version-history":[{"count":1,"href":"https:\/\/www.uninter.com\/radio\/wp-json\/wp\/v2\/posts\/33335\/revisions"}],"predecessor-version":[{"id":33337,"href":"https:\/\/www.uninter.com\/radio\/wp-json\/wp\/v2\/posts\/33335\/revisions\/33337"}],"wp:featuredmedia":[{"embeddable":true,"href":"https:\/\/www.uninter.com\/radio\/wp-json\/wp\/v2\/media\/31197"}],"wp:attachment":[{"href":"https:\/\/www.uninter.com\/radio\/wp-json\/wp\/v2\/media?parent=33335"}],"wp:term":[{"taxonomy":"category","embeddable":true,"href":"https:\/\/www.uninter.com\/radio\/wp-json\/wp\/v2\/categories?post=33335"},{"taxonomy":"post_tag","embeddable":true,"href":"https:\/\/www.uninter.com\/radio\/wp-json\/wp\/v2\/tags?post=33335"}],"curies":[{"name":"wp","href":"https:\/\/api.w.org\/{rel}","templated":true}]}}