{"id":33302,"date":"2022-05-04T16:47:25","date_gmt":"2022-05-04T19:47:25","guid":{"rendered":"https:\/\/www.uninter.com\/radio\/?p=33302"},"modified":"2022-05-16T12:01:59","modified_gmt":"2022-05-16T15:01:59","slug":"meia-hora-de-qualidades-6","status":"publish","type":"post","link":"https:\/\/www.uninter.com\/radio\/meia-hora-de-qualidades-6","title":{"rendered":"Meia hora de Qualidade #6"},"content":{"rendered":"\n<figure class=\"wp-block-audio\"><audio controls src=\"https:\/\/www.uninter.com\/radio\/wp-content\/uploads\/2022\/05\/meia-hora-27_04_2022.mp3\"><\/audio><\/figure>\n\n\n\n<p>A nossa Meia hora de Qualidade dessa semana fala sobre a influ\u00eancia do Polo de Apoio Presencial na sociedade e no aprendizado do aluno EAD.<\/p>\n\n\n\n<p>Para o bate-papo da vez, Edvaldo Junior recebe Hercilia Nunes (pedagoga, especialista em Inform\u00e1tica educacional, psicopedagoga, mestre em Lingu\u00edstica) e Alice Botega (Especialista em Comunica\u00e7\u00e3o Social).<\/p>\n","protected":false},"excerpt":{"rendered":"<p>A nossa Meia hora de Qualidade dessa semana fala sobre a influ\u00eancia do Polo de&#8230;<\/p>\n","protected":false},"author":3,"featured_media":33113,"comment_status":"open","ping_status":"open","sticky":false,"template":"","format":"standard","meta":[],"categories":[2780],"tags":[],"_links":{"self":[{"href":"https:\/\/www.uninter.com\/radio\/wp-json\/wp\/v2\/posts\/33302"}],"collection":[{"href":"https:\/\/www.uninter.com\/radio\/wp-json\/wp\/v2\/posts"}],"about":[{"href":"https:\/\/www.uninter.com\/radio\/wp-json\/wp\/v2\/types\/post"}],"author":[{"embeddable":true,"href":"https:\/\/www.uninter.com\/radio\/wp-json\/wp\/v2\/users\/3"}],"replies":[{"embeddable":true,"href":"https:\/\/www.uninter.com\/radio\/wp-json\/wp\/v2\/comments?post=33302"}],"version-history":[{"count":2,"href":"https:\/\/www.uninter.com\/radio\/wp-json\/wp\/v2\/posts\/33302\/revisions"}],"predecessor-version":[{"id":33414,"href":"https:\/\/www.uninter.com\/radio\/wp-json\/wp\/v2\/posts\/33302\/revisions\/33414"}],"wp:featuredmedia":[{"embeddable":true,"href":"https:\/\/www.uninter.com\/radio\/wp-json\/wp\/v2\/media\/33113"}],"wp:attachment":[{"href":"https:\/\/www.uninter.com\/radio\/wp-json\/wp\/v2\/media?parent=33302"}],"wp:term":[{"taxonomy":"category","embeddable":true,"href":"https:\/\/www.uninter.com\/radio\/wp-json\/wp\/v2\/categories?post=33302"},{"taxonomy":"post_tag","embeddable":true,"href":"https:\/\/www.uninter.com\/radio\/wp-json\/wp\/v2\/tags?post=33302"}],"curies":[{"name":"wp","href":"https:\/\/api.w.org\/{rel}","templated":true}]}}