{"id":33258,"date":"2022-04-25T14:50:22","date_gmt":"2022-04-25T17:50:22","guid":{"rendered":"https:\/\/www.uninter.com\/radio\/?p=33258"},"modified":"2022-04-25T14:50:24","modified_gmt":"2022-04-25T17:50:24","slug":"sua-saude-103","status":"publish","type":"post","link":"https:\/\/www.uninter.com\/radio\/sua-saude-103","title":{"rendered":"Sua Sa\u00fade #103"},"content":{"rendered":"\n<figure class=\"wp-block-audio\"><audio controls src=\"https:\/\/www.uninter.com\/radio\/wp-content\/uploads\/2022\/04\/sua-saude-19_04_2022.mp3\"><\/audio><\/figure>\n\n\n\n<p>A lactose o gl\u00faten s\u00e3o a\u00e7\u00facares e prote\u00ednas que podem causar alergias em algumas pessoas, e o Sua Sa\u00fade vai falar sobre eles.<\/p>\n\n\n\n<p>Alimenta\u00e7\u00e3o sem lactose e sem gl\u00faten \u00e9 o tema do nosso bate-papo, e para falar sobre, Barbara Carvalho recebe os professores Alisson David Silva e Elaine Souza.<\/p>\n","protected":false},"excerpt":{"rendered":"<p>A lactose o gl\u00faten s\u00e3o a\u00e7\u00facares e prote\u00ednas que podem causar alergias em algumas pessoas,&#8230;<\/p>\n","protected":false},"author":3,"featured_media":31131,"comment_status":"open","ping_status":"open","sticky":false,"template":"","format":"standard","meta":[],"categories":[2716],"tags":[],"_links":{"self":[{"href":"https:\/\/www.uninter.com\/radio\/wp-json\/wp\/v2\/posts\/33258"}],"collection":[{"href":"https:\/\/www.uninter.com\/radio\/wp-json\/wp\/v2\/posts"}],"about":[{"href":"https:\/\/www.uninter.com\/radio\/wp-json\/wp\/v2\/types\/post"}],"author":[{"embeddable":true,"href":"https:\/\/www.uninter.com\/radio\/wp-json\/wp\/v2\/users\/3"}],"replies":[{"embeddable":true,"href":"https:\/\/www.uninter.com\/radio\/wp-json\/wp\/v2\/comments?post=33258"}],"version-history":[{"count":1,"href":"https:\/\/www.uninter.com\/radio\/wp-json\/wp\/v2\/posts\/33258\/revisions"}],"predecessor-version":[{"id":33260,"href":"https:\/\/www.uninter.com\/radio\/wp-json\/wp\/v2\/posts\/33258\/revisions\/33260"}],"wp:featuredmedia":[{"embeddable":true,"href":"https:\/\/www.uninter.com\/radio\/wp-json\/wp\/v2\/media\/31131"}],"wp:attachment":[{"href":"https:\/\/www.uninter.com\/radio\/wp-json\/wp\/v2\/media?parent=33258"}],"wp:term":[{"taxonomy":"category","embeddable":true,"href":"https:\/\/www.uninter.com\/radio\/wp-json\/wp\/v2\/categories?post=33258"},{"taxonomy":"post_tag","embeddable":true,"href":"https:\/\/www.uninter.com\/radio\/wp-json\/wp\/v2\/tags?post=33258"}],"curies":[{"name":"wp","href":"https:\/\/api.w.org\/{rel}","templated":true}]}}