{"id":33252,"date":"2022-04-25T14:38:42","date_gmt":"2022-04-25T17:38:42","guid":{"rendered":"https:\/\/www.uninter.com\/radio\/?p=33252"},"modified":"2022-04-25T14:38:43","modified_gmt":"2022-04-25T17:38:43","slug":"chave-interdisciplinar-74","status":"publish","type":"post","link":"https:\/\/www.uninter.com\/radio\/chave-interdisciplinar-74","title":{"rendered":"Chave Interdisciplinar #74"},"content":{"rendered":"\n<figure class=\"wp-block-audio\"><audio controls src=\"https:\/\/www.uninter.com\/radio\/wp-content\/uploads\/2022\/04\/chave-14_04_2022.mp3\"><\/audio><\/figure>\n\n\n\n<p>Nesta edi\u00e7\u00e3o do Chave Interdisciplinar, vamos refletir sobre as dimens\u00f5es do conhecimento de forma dial\u00e9tica nos aspectos de exclus\u00e3o e inclus\u00e3o na sociedade. <\/p>\n\n\n\n<p>Al\u00e9m disso, entender o papel e o uso das informa\u00e7\u00f5es para constru\u00e7\u00e3o da cidadania e do pertencimento.<\/p>\n\n\n\n<p>Contamos com a presen\u00e7a das professoras Ma. Maria Emilia Rodrigues e Esp. Elaine Oliveira Santos, e medi\u00e7\u00e3o de Dra. Gisele do Rocio Cordeiro.<\/p>\n","protected":false},"excerpt":{"rendered":"<p>Nesta edi\u00e7\u00e3o do Chave Interdisciplinar, vamos refletir sobre as dimens\u00f5es do conhecimento de forma dial\u00e9tica&#8230;<\/p>\n","protected":false},"author":3,"featured_media":31168,"comment_status":"open","ping_status":"open","sticky":false,"template":"","format":"standard","meta":[],"categories":[2735],"tags":[],"_links":{"self":[{"href":"https:\/\/www.uninter.com\/radio\/wp-json\/wp\/v2\/posts\/33252"}],"collection":[{"href":"https:\/\/www.uninter.com\/radio\/wp-json\/wp\/v2\/posts"}],"about":[{"href":"https:\/\/www.uninter.com\/radio\/wp-json\/wp\/v2\/types\/post"}],"author":[{"embeddable":true,"href":"https:\/\/www.uninter.com\/radio\/wp-json\/wp\/v2\/users\/3"}],"replies":[{"embeddable":true,"href":"https:\/\/www.uninter.com\/radio\/wp-json\/wp\/v2\/comments?post=33252"}],"version-history":[{"count":1,"href":"https:\/\/www.uninter.com\/radio\/wp-json\/wp\/v2\/posts\/33252\/revisions"}],"predecessor-version":[{"id":33254,"href":"https:\/\/www.uninter.com\/radio\/wp-json\/wp\/v2\/posts\/33252\/revisions\/33254"}],"wp:featuredmedia":[{"embeddable":true,"href":"https:\/\/www.uninter.com\/radio\/wp-json\/wp\/v2\/media\/31168"}],"wp:attachment":[{"href":"https:\/\/www.uninter.com\/radio\/wp-json\/wp\/v2\/media?parent=33252"}],"wp:term":[{"taxonomy":"category","embeddable":true,"href":"https:\/\/www.uninter.com\/radio\/wp-json\/wp\/v2\/categories?post=33252"},{"taxonomy":"post_tag","embeddable":true,"href":"https:\/\/www.uninter.com\/radio\/wp-json\/wp\/v2\/tags?post=33252"}],"curies":[{"name":"wp","href":"https:\/\/api.w.org\/{rel}","templated":true}]}}