{"id":33224,"date":"2022-04-12T17:50:23","date_gmt":"2022-04-12T20:50:23","guid":{"rendered":"https:\/\/www.uninter.com\/radio\/?p=33224"},"modified":"2022-04-12T17:50:24","modified_gmt":"2022-04-12T20:50:24","slug":"inclusao-em-rede-68","status":"publish","type":"post","link":"https:\/\/www.uninter.com\/radio\/inclusao-em-rede-68","title":{"rendered":"Inclus\u00e3o em Rede #68"},"content":{"rendered":"\n<figure class=\"wp-block-audio\"><audio controls src=\"blob:https:\/\/www.uninter.com\/42adf0eb-69e8-4dab-aeb1-4723c9fb19e2\"><\/audio><\/figure>\n\n\n\n<p>O Inclus\u00e3o em Rede de hoje comemora os 80 anos do Instituto Paranaense de Cegos e tamb\u00e9m relata fatos do livro de mem\u00f3rias de ECP.<\/p>\n\n\n\n<p>Para essa edi\u00e7\u00e3o especial, Leomar Marchesini recebe Manoel Negraes, especialista em tradu\u00e7\u00e3o audiovisual acess\u00edvel.<\/p>\n","protected":false},"excerpt":{"rendered":"<p>O Inclus\u00e3o em Rede de hoje comemora os 80 anos do Instituto Paranaense de Cegos&#8230;<\/p>\n","protected":false},"author":3,"featured_media":31105,"comment_status":"open","ping_status":"open","sticky":false,"template":"","format":"standard","meta":[],"categories":[2727],"tags":[],"_links":{"self":[{"href":"https:\/\/www.uninter.com\/radio\/wp-json\/wp\/v2\/posts\/33224"}],"collection":[{"href":"https:\/\/www.uninter.com\/radio\/wp-json\/wp\/v2\/posts"}],"about":[{"href":"https:\/\/www.uninter.com\/radio\/wp-json\/wp\/v2\/types\/post"}],"author":[{"embeddable":true,"href":"https:\/\/www.uninter.com\/radio\/wp-json\/wp\/v2\/users\/3"}],"replies":[{"embeddable":true,"href":"https:\/\/www.uninter.com\/radio\/wp-json\/wp\/v2\/comments?post=33224"}],"version-history":[{"count":1,"href":"https:\/\/www.uninter.com\/radio\/wp-json\/wp\/v2\/posts\/33224\/revisions"}],"predecessor-version":[{"id":33225,"href":"https:\/\/www.uninter.com\/radio\/wp-json\/wp\/v2\/posts\/33224\/revisions\/33225"}],"wp:featuredmedia":[{"embeddable":true,"href":"https:\/\/www.uninter.com\/radio\/wp-json\/wp\/v2\/media\/31105"}],"wp:attachment":[{"href":"https:\/\/www.uninter.com\/radio\/wp-json\/wp\/v2\/media?parent=33224"}],"wp:term":[{"taxonomy":"category","embeddable":true,"href":"https:\/\/www.uninter.com\/radio\/wp-json\/wp\/v2\/categories?post=33224"},{"taxonomy":"post_tag","embeddable":true,"href":"https:\/\/www.uninter.com\/radio\/wp-json\/wp\/v2\/tags?post=33224"}],"curies":[{"name":"wp","href":"https:\/\/api.w.org\/{rel}","templated":true}]}}