{"id":33217,"date":"2022-04-12T17:41:06","date_gmt":"2022-04-12T20:41:06","guid":{"rendered":"https:\/\/www.uninter.com\/radio\/?p=33217"},"modified":"2022-04-12T17:41:07","modified_gmt":"2022-04-12T20:41:07","slug":"transito-e-mobilidade-37","status":"publish","type":"post","link":"https:\/\/www.uninter.com\/radio\/transito-e-mobilidade-37","title":{"rendered":"Tr\u00e2nsito e Mobilidade #37"},"content":{"rendered":"\n<figure class=\"wp-block-audio\"><audio controls src=\"blob:https:\/\/www.uninter.com\/e73b1360-9b95-4f18-aac8-25d7e5da2174\"><\/audio><\/figure>\n\n\n\n<p>O Tr\u00e2nsito e Mobilidade dessa semana coloca a gest\u00e3o do tr\u00e2nsito em foco.<\/p>\n\n\n\n<p>Para o debate estaremos com o egresso, Cristiano Ditzmann, e com o aluno Ailton Sabino da Silva, do curso de Gest\u00e3o de Tr\u00e2nsito e Mobilidade Urbana.<\/p>\n","protected":false},"excerpt":{"rendered":"<p>O Tr\u00e2nsito e Mobilidade dessa semana coloca a gest\u00e3o do tr\u00e2nsito em foco. Para o&#8230;<\/p>\n","protected":false},"author":3,"featured_media":31097,"comment_status":"open","ping_status":"open","sticky":false,"template":"","format":"standard","meta":[],"categories":[2718],"tags":[],"_links":{"self":[{"href":"https:\/\/www.uninter.com\/radio\/wp-json\/wp\/v2\/posts\/33217"}],"collection":[{"href":"https:\/\/www.uninter.com\/radio\/wp-json\/wp\/v2\/posts"}],"about":[{"href":"https:\/\/www.uninter.com\/radio\/wp-json\/wp\/v2\/types\/post"}],"author":[{"embeddable":true,"href":"https:\/\/www.uninter.com\/radio\/wp-json\/wp\/v2\/users\/3"}],"replies":[{"embeddable":true,"href":"https:\/\/www.uninter.com\/radio\/wp-json\/wp\/v2\/comments?post=33217"}],"version-history":[{"count":1,"href":"https:\/\/www.uninter.com\/radio\/wp-json\/wp\/v2\/posts\/33217\/revisions"}],"predecessor-version":[{"id":33218,"href":"https:\/\/www.uninter.com\/radio\/wp-json\/wp\/v2\/posts\/33217\/revisions\/33218"}],"wp:featuredmedia":[{"embeddable":true,"href":"https:\/\/www.uninter.com\/radio\/wp-json\/wp\/v2\/media\/31097"}],"wp:attachment":[{"href":"https:\/\/www.uninter.com\/radio\/wp-json\/wp\/v2\/media?parent=33217"}],"wp:term":[{"taxonomy":"category","embeddable":true,"href":"https:\/\/www.uninter.com\/radio\/wp-json\/wp\/v2\/categories?post=33217"},{"taxonomy":"post_tag","embeddable":true,"href":"https:\/\/www.uninter.com\/radio\/wp-json\/wp\/v2\/tags?post=33217"}],"curies":[{"name":"wp","href":"https:\/\/api.w.org\/{rel}","templated":true}]}}