{"id":33212,"date":"2022-04-12T17:34:15","date_gmt":"2022-04-12T20:34:15","guid":{"rendered":"https:\/\/www.uninter.com\/radio\/?p=33212"},"modified":"2022-04-12T17:34:16","modified_gmt":"2022-04-12T20:34:16","slug":"diversos-da-pos-53","status":"publish","type":"post","link":"https:\/\/www.uninter.com\/radio\/diversos-da-pos-53","title":{"rendered":"Diversos da P\u00f3s #53"},"content":{"rendered":"\n<figure class=\"wp-block-audio\"><audio controls src=\"blob:https:\/\/www.uninter.com\/a0b478fa-7e77-4c77-9ce8-ae2abe24c748\"><\/audio><\/figure>\n\n\n\n<p>07 de abril \u00e9 Dia Mundial da Sa\u00fade, a data tem como objetivo chamar a aten\u00e7\u00e3o para as prioridades quanto a sa\u00fade a n\u00edvel global.<\/p>\n\n\n\n<p>Vamos falar sobre este tema no Diversos da vez, e para o bate-papo, A na Paula Coimbra e Cristiane Ripka recebem Beatriz Battistella Nadas, secret\u00e1ria de sa\u00fade de Curitiba.<\/p>\n","protected":false},"excerpt":{"rendered":"<p>07 de abril \u00e9 Dia Mundial da Sa\u00fade, a data tem como objetivo chamar a&#8230;<\/p>\n","protected":false},"author":3,"featured_media":31180,"comment_status":"open","ping_status":"open","sticky":false,"template":"","format":"standard","meta":[],"categories":[2704],"tags":[],"_links":{"self":[{"href":"https:\/\/www.uninter.com\/radio\/wp-json\/wp\/v2\/posts\/33212"}],"collection":[{"href":"https:\/\/www.uninter.com\/radio\/wp-json\/wp\/v2\/posts"}],"about":[{"href":"https:\/\/www.uninter.com\/radio\/wp-json\/wp\/v2\/types\/post"}],"author":[{"embeddable":true,"href":"https:\/\/www.uninter.com\/radio\/wp-json\/wp\/v2\/users\/3"}],"replies":[{"embeddable":true,"href":"https:\/\/www.uninter.com\/radio\/wp-json\/wp\/v2\/comments?post=33212"}],"version-history":[{"count":1,"href":"https:\/\/www.uninter.com\/radio\/wp-json\/wp\/v2\/posts\/33212\/revisions"}],"predecessor-version":[{"id":33213,"href":"https:\/\/www.uninter.com\/radio\/wp-json\/wp\/v2\/posts\/33212\/revisions\/33213"}],"wp:featuredmedia":[{"embeddable":true,"href":"https:\/\/www.uninter.com\/radio\/wp-json\/wp\/v2\/media\/31180"}],"wp:attachment":[{"href":"https:\/\/www.uninter.com\/radio\/wp-json\/wp\/v2\/media?parent=33212"}],"wp:term":[{"taxonomy":"category","embeddable":true,"href":"https:\/\/www.uninter.com\/radio\/wp-json\/wp\/v2\/categories?post=33212"},{"taxonomy":"post_tag","embeddable":true,"href":"https:\/\/www.uninter.com\/radio\/wp-json\/wp\/v2\/tags?post=33212"}],"curies":[{"name":"wp","href":"https:\/\/api.w.org\/{rel}","templated":true}]}}