{"id":33189,"date":"2022-04-12T17:02:26","date_gmt":"2022-04-12T20:02:26","guid":{"rendered":"https:\/\/www.uninter.com\/radio\/?p=33189"},"modified":"2022-04-12T17:02:27","modified_gmt":"2022-04-12T20:02:27","slug":"estacao-sustentavel-17","status":"publish","type":"post","link":"https:\/\/www.uninter.com\/radio\/estacao-sustentavel-17","title":{"rendered":"Esta\u00e7\u00e3o Sustent\u00e1vel #17"},"content":{"rendered":"\n<figure class=\"wp-block-audio\"><audio controls src=\"https:\/\/www.uninter.com\/radio\/wp-content\/uploads\/2022\/04\/estacao-sustentavel-04_04_2022.mp3\"><\/audio><\/figure>\n\n\n\n<p>O descarte de medicamentos deve ser realizado de forma correta para n\u00e3o contaminar outros meios, e o Esta\u00e7\u00e3o Sustent\u00e1vel debate este assunto nessa edi\u00e7\u00e3o.<\/p>\n\n\n\n<p>O problema ambiental dos medicamentos em \u00e1gua \u00e9 o nosso tema e para a conversa, recebemos Prof. Dr. Vinicius Bednarczuk de Oliveira.<\/p>\n","protected":false},"excerpt":{"rendered":"<p>O descarte de medicamentos deve ser realizado de forma correta para n\u00e3o contaminar outros meios,&#8230;<\/p>\n","protected":false},"author":3,"featured_media":30524,"comment_status":"open","ping_status":"open","sticky":false,"template":"","format":"standard","meta":[],"categories":[2705],"tags":[],"_links":{"self":[{"href":"https:\/\/www.uninter.com\/radio\/wp-json\/wp\/v2\/posts\/33189"}],"collection":[{"href":"https:\/\/www.uninter.com\/radio\/wp-json\/wp\/v2\/posts"}],"about":[{"href":"https:\/\/www.uninter.com\/radio\/wp-json\/wp\/v2\/types\/post"}],"author":[{"embeddable":true,"href":"https:\/\/www.uninter.com\/radio\/wp-json\/wp\/v2\/users\/3"}],"replies":[{"embeddable":true,"href":"https:\/\/www.uninter.com\/radio\/wp-json\/wp\/v2\/comments?post=33189"}],"version-history":[{"count":1,"href":"https:\/\/www.uninter.com\/radio\/wp-json\/wp\/v2\/posts\/33189\/revisions"}],"predecessor-version":[{"id":33191,"href":"https:\/\/www.uninter.com\/radio\/wp-json\/wp\/v2\/posts\/33189\/revisions\/33191"}],"wp:featuredmedia":[{"embeddable":true,"href":"https:\/\/www.uninter.com\/radio\/wp-json\/wp\/v2\/media\/30524"}],"wp:attachment":[{"href":"https:\/\/www.uninter.com\/radio\/wp-json\/wp\/v2\/media?parent=33189"}],"wp:term":[{"taxonomy":"category","embeddable":true,"href":"https:\/\/www.uninter.com\/radio\/wp-json\/wp\/v2\/categories?post=33189"},{"taxonomy":"post_tag","embeddable":true,"href":"https:\/\/www.uninter.com\/radio\/wp-json\/wp\/v2\/tags?post=33189"}],"curies":[{"name":"wp","href":"https:\/\/api.w.org\/{rel}","templated":true}]}}