{"id":33180,"date":"2022-04-06T15:00:28","date_gmt":"2022-04-06T18:00:28","guid":{"rendered":"https:\/\/www.uninter.com\/radio\/?p=33180"},"modified":"2022-04-06T15:00:30","modified_gmt":"2022-04-06T18:00:30","slug":"inclusao-em-rede-67","status":"publish","type":"post","link":"https:\/\/www.uninter.com\/radio\/inclusao-em-rede-67","title":{"rendered":"Inclus\u00e3o em Rede #67"},"content":{"rendered":"\n<figure class=\"wp-block-audio\"><audio controls src=\"blob:https:\/\/www.uninter.com\/4a95fb98-f8a7-444e-9c7d-1806556875a9\"><\/audio><\/figure>\n\n\n\n<p>O Inclus\u00e3o em Rede fala sobre a Semana de Conscientiza\u00e7\u00e3o do espectro autista.<\/p>\n\n\n\n<p>Para esclarecer o tema, Leomar Marchesini recebe Fatima Minetto, Psic\u00f3loga, doutora e p\u00f3s doutora em psicologia pela UFSC.<\/p>\n","protected":false},"excerpt":{"rendered":"<p>O Inclus\u00e3o em Rede fala sobre a Semana de Conscientiza\u00e7\u00e3o do espectro autista. Para esclarecer&#8230;<\/p>\n","protected":false},"author":3,"featured_media":31105,"comment_status":"open","ping_status":"open","sticky":false,"template":"","format":"standard","meta":[],"categories":[2727],"tags":[],"_links":{"self":[{"href":"https:\/\/www.uninter.com\/radio\/wp-json\/wp\/v2\/posts\/33180"}],"collection":[{"href":"https:\/\/www.uninter.com\/radio\/wp-json\/wp\/v2\/posts"}],"about":[{"href":"https:\/\/www.uninter.com\/radio\/wp-json\/wp\/v2\/types\/post"}],"author":[{"embeddable":true,"href":"https:\/\/www.uninter.com\/radio\/wp-json\/wp\/v2\/users\/3"}],"replies":[{"embeddable":true,"href":"https:\/\/www.uninter.com\/radio\/wp-json\/wp\/v2\/comments?post=33180"}],"version-history":[{"count":1,"href":"https:\/\/www.uninter.com\/radio\/wp-json\/wp\/v2\/posts\/33180\/revisions"}],"predecessor-version":[{"id":33181,"href":"https:\/\/www.uninter.com\/radio\/wp-json\/wp\/v2\/posts\/33180\/revisions\/33181"}],"wp:featuredmedia":[{"embeddable":true,"href":"https:\/\/www.uninter.com\/radio\/wp-json\/wp\/v2\/media\/31105"}],"wp:attachment":[{"href":"https:\/\/www.uninter.com\/radio\/wp-json\/wp\/v2\/media?parent=33180"}],"wp:term":[{"taxonomy":"category","embeddable":true,"href":"https:\/\/www.uninter.com\/radio\/wp-json\/wp\/v2\/categories?post=33180"},{"taxonomy":"post_tag","embeddable":true,"href":"https:\/\/www.uninter.com\/radio\/wp-json\/wp\/v2\/tags?post=33180"}],"curies":[{"name":"wp","href":"https:\/\/api.w.org\/{rel}","templated":true}]}}