{"id":33151,"date":"2022-04-06T14:03:00","date_gmt":"2022-04-06T17:03:00","guid":{"rendered":"https:\/\/www.uninter.com\/radio\/?p=33151"},"modified":"2022-04-06T14:03:01","modified_gmt":"2022-04-06T17:03:01","slug":"sua-saude-100","status":"publish","type":"post","link":"https:\/\/www.uninter.com\/radio\/sua-saude-100","title":{"rendered":"Sua Sa\u00fade #100"},"content":{"rendered":"\n<figure class=\"wp-block-audio\"><audio controls src=\"https:\/\/www.uninter.com\/radio\/wp-content\/uploads\/2022\/04\/sua-saude-29_03_2022.mp3\"><\/audio><\/figure>\n\n\n\n<p>Muitos estados brasileiros est\u00e3o retirando a obrigatoriedade do uso de m\u00e1scaras, tanto ambientes abertos quanto fechados, e voc\u00ea, o que acha dessa atitude?<\/p>\n\n\n\n<p>O Sua Sa\u00fade contempla o tema &#8220;M\u00e1scaras: tirar imediatamente ou gradativamente?&#8221; e para falar sobre isso, recebemos as biom\u00e9dicas Alana Braga e Larissa de Paula.<\/p>\n","protected":false},"excerpt":{"rendered":"<p>Muitos estados brasileiros est\u00e3o retirando a obrigatoriedade do uso de m\u00e1scaras, tanto ambientes abertos quanto&#8230;<\/p>\n","protected":false},"author":3,"featured_media":31131,"comment_status":"open","ping_status":"open","sticky":false,"template":"","format":"standard","meta":[],"categories":[2716],"tags":[],"_links":{"self":[{"href":"https:\/\/www.uninter.com\/radio\/wp-json\/wp\/v2\/posts\/33151"}],"collection":[{"href":"https:\/\/www.uninter.com\/radio\/wp-json\/wp\/v2\/posts"}],"about":[{"href":"https:\/\/www.uninter.com\/radio\/wp-json\/wp\/v2\/types\/post"}],"author":[{"embeddable":true,"href":"https:\/\/www.uninter.com\/radio\/wp-json\/wp\/v2\/users\/3"}],"replies":[{"embeddable":true,"href":"https:\/\/www.uninter.com\/radio\/wp-json\/wp\/v2\/comments?post=33151"}],"version-history":[{"count":1,"href":"https:\/\/www.uninter.com\/radio\/wp-json\/wp\/v2\/posts\/33151\/revisions"}],"predecessor-version":[{"id":33153,"href":"https:\/\/www.uninter.com\/radio\/wp-json\/wp\/v2\/posts\/33151\/revisions\/33153"}],"wp:featuredmedia":[{"embeddable":true,"href":"https:\/\/www.uninter.com\/radio\/wp-json\/wp\/v2\/media\/31131"}],"wp:attachment":[{"href":"https:\/\/www.uninter.com\/radio\/wp-json\/wp\/v2\/media?parent=33151"}],"wp:term":[{"taxonomy":"category","embeddable":true,"href":"https:\/\/www.uninter.com\/radio\/wp-json\/wp\/v2\/categories?post=33151"},{"taxonomy":"post_tag","embeddable":true,"href":"https:\/\/www.uninter.com\/radio\/wp-json\/wp\/v2\/tags?post=33151"}],"curies":[{"name":"wp","href":"https:\/\/api.w.org\/{rel}","templated":true}]}}