{"id":33142,"date":"2022-04-06T13:51:24","date_gmt":"2022-04-06T16:51:24","guid":{"rendered":"https:\/\/www.uninter.com\/radio\/?p=33142"},"modified":"2022-04-06T13:51:25","modified_gmt":"2022-04-06T16:51:25","slug":"talento-em-foco-76","status":"publish","type":"post","link":"https:\/\/www.uninter.com\/radio\/talento-em-foco-76","title":{"rendered":"Talento em Foco #76"},"content":{"rendered":"\n<figure class=\"wp-block-audio\"><audio controls src=\"https:\/\/www.uninter.com\/radio\/wp-content\/uploads\/2022\/04\/talento-em-foco-28_03_2022.mp3\"><\/audio><\/figure>\n\n\n\n<p>Fechando a nossa s\u00e9rie em comemora\u00e7\u00e3o ao m\u00eas da mulher, o Talento em Foco fala sobre carreira internacional, e para contar sua experi\u00eancia recebemos Vivi Poit, soci\u00f3loga e generalista de TI.<\/p>\n\n\n\n<p>A apresenta\u00e7\u00e3o \u00e9 de Barbara Carvalho e \u00c9rika Lotz.<\/p>\n","protected":false},"excerpt":{"rendered":"<p>Fechando a nossa s\u00e9rie em comemora\u00e7\u00e3o ao m\u00eas da mulher, o Talento em Foco fala&#8230;<\/p>\n","protected":false},"author":3,"featured_media":31128,"comment_status":"open","ping_status":"open","sticky":false,"template":"","format":"standard","meta":[],"categories":[2723],"tags":[],"_links":{"self":[{"href":"https:\/\/www.uninter.com\/radio\/wp-json\/wp\/v2\/posts\/33142"}],"collection":[{"href":"https:\/\/www.uninter.com\/radio\/wp-json\/wp\/v2\/posts"}],"about":[{"href":"https:\/\/www.uninter.com\/radio\/wp-json\/wp\/v2\/types\/post"}],"author":[{"embeddable":true,"href":"https:\/\/www.uninter.com\/radio\/wp-json\/wp\/v2\/users\/3"}],"replies":[{"embeddable":true,"href":"https:\/\/www.uninter.com\/radio\/wp-json\/wp\/v2\/comments?post=33142"}],"version-history":[{"count":1,"href":"https:\/\/www.uninter.com\/radio\/wp-json\/wp\/v2\/posts\/33142\/revisions"}],"predecessor-version":[{"id":33144,"href":"https:\/\/www.uninter.com\/radio\/wp-json\/wp\/v2\/posts\/33142\/revisions\/33144"}],"wp:featuredmedia":[{"embeddable":true,"href":"https:\/\/www.uninter.com\/radio\/wp-json\/wp\/v2\/media\/31128"}],"wp:attachment":[{"href":"https:\/\/www.uninter.com\/radio\/wp-json\/wp\/v2\/media?parent=33142"}],"wp:term":[{"taxonomy":"category","embeddable":true,"href":"https:\/\/www.uninter.com\/radio\/wp-json\/wp\/v2\/categories?post=33142"},{"taxonomy":"post_tag","embeddable":true,"href":"https:\/\/www.uninter.com\/radio\/wp-json\/wp\/v2\/tags?post=33142"}],"curies":[{"name":"wp","href":"https:\/\/api.w.org\/{rel}","templated":true}]}}