{"id":33137,"date":"2022-04-05T15:49:58","date_gmt":"2022-04-05T18:49:58","guid":{"rendered":"https:\/\/www.uninter.com\/radio\/?p=33137"},"modified":"2022-04-05T15:51:44","modified_gmt":"2022-04-05T18:51:44","slug":"inclusao-em-rede-66","status":"publish","type":"post","link":"https:\/\/www.uninter.com\/radio\/inclusao-em-rede-66","title":{"rendered":"Inclus\u00e3o em Rede #66"},"content":{"rendered":"\n<figure class=\"wp-block-audio\"><audio controls src=\"https:\/\/www.uninter.com\/radio\/wp-content\/uploads\/2022\/04\/incluscao-em-rede-25_03_2022-online-audio-converter.com_.mp3\"><\/audio><\/figure>\n\n\n\n<p>No dia 21 de mar\u00e7o comemoramos o Dia da S\u00edndrome de Down, e o programa Inclus\u00e3o em Rede fala sobre essa data de conscientiza\u00e7\u00e3o global para celebrar a vida das pessoas com a s\u00edndrome.<\/p>\n\n\n\n<p>Para o bate-papo, Leomar Marchesini recebe Eliane Terra e sua filha Caroline Beatriz, portadora da s\u00edndrome.<\/p>\n","protected":false},"excerpt":{"rendered":"<p>No dia 21 de mar\u00e7o comemoramos o Dia da S\u00edndrome de Down, e o programa&#8230;<\/p>\n","protected":false},"author":3,"featured_media":31105,"comment_status":"open","ping_status":"open","sticky":false,"template":"","format":"standard","meta":[],"categories":[2727],"tags":[],"_links":{"self":[{"href":"https:\/\/www.uninter.com\/radio\/wp-json\/wp\/v2\/posts\/33137"}],"collection":[{"href":"https:\/\/www.uninter.com\/radio\/wp-json\/wp\/v2\/posts"}],"about":[{"href":"https:\/\/www.uninter.com\/radio\/wp-json\/wp\/v2\/types\/post"}],"author":[{"embeddable":true,"href":"https:\/\/www.uninter.com\/radio\/wp-json\/wp\/v2\/users\/3"}],"replies":[{"embeddable":true,"href":"https:\/\/www.uninter.com\/radio\/wp-json\/wp\/v2\/comments?post=33137"}],"version-history":[{"count":2,"href":"https:\/\/www.uninter.com\/radio\/wp-json\/wp\/v2\/posts\/33137\/revisions"}],"predecessor-version":[{"id":33141,"href":"https:\/\/www.uninter.com\/radio\/wp-json\/wp\/v2\/posts\/33137\/revisions\/33141"}],"wp:featuredmedia":[{"embeddable":true,"href":"https:\/\/www.uninter.com\/radio\/wp-json\/wp\/v2\/media\/31105"}],"wp:attachment":[{"href":"https:\/\/www.uninter.com\/radio\/wp-json\/wp\/v2\/media?parent=33137"}],"wp:term":[{"taxonomy":"category","embeddable":true,"href":"https:\/\/www.uninter.com\/radio\/wp-json\/wp\/v2\/categories?post=33137"},{"taxonomy":"post_tag","embeddable":true,"href":"https:\/\/www.uninter.com\/radio\/wp-json\/wp\/v2\/tags?post=33137"}],"curies":[{"name":"wp","href":"https:\/\/api.w.org\/{rel}","templated":true}]}}