{"id":33125,"date":"2022-04-05T15:37:32","date_gmt":"2022-04-05T18:37:32","guid":{"rendered":"https:\/\/www.uninter.com\/radio\/?p=33125"},"modified":"2022-04-05T15:37:33","modified_gmt":"2022-04-05T18:37:33","slug":"conversa-com-o-reitor-85","status":"publish","type":"post","link":"https:\/\/www.uninter.com\/radio\/conversa-com-o-reitor-85","title":{"rendered":"Conversa com o Reitor #85"},"content":{"rendered":"\n<figure class=\"wp-block-audio\"><audio controls src=\"https:\/\/www.uninter.com\/radio\/wp-content\/uploads\/2022\/04\/conversa-com-o-reitor-25_03_2022-online-audio-converter.com_.mp3\"><\/audio><\/figure>\n\n\n\n<p>A \u00faltima edi\u00e7\u00e3o do Conversa com o Reitor sobre os novos cursos de gradua\u00e7\u00e3o da Uninter esta na \u00e1rea!<\/p>\n\n\n\n<p>Benhur Gaio recebe os coordenadores Trajano Xavier da Silva (Bacharelado Interdisciplinar em Sa\u00fade), Daiane Cristina de Freitas (Engenharia Ambiental), Daniele Assad Gon\u00e7alves (Media\u00e7\u00e3o, Concilia\u00e7\u00e3o e Arbitragem) e Maria de Fatima Medeiros (Paisagismo e Jardinagem).<\/p>\n","protected":false},"excerpt":{"rendered":"<p>A \u00faltima edi\u00e7\u00e3o do Conversa com o Reitor sobre os novos cursos de gradua\u00e7\u00e3o da&#8230;<\/p>\n","protected":false},"author":3,"featured_media":31088,"comment_status":"open","ping_status":"open","sticky":false,"template":"","format":"standard","meta":[],"categories":[2724],"tags":[],"_links":{"self":[{"href":"https:\/\/www.uninter.com\/radio\/wp-json\/wp\/v2\/posts\/33125"}],"collection":[{"href":"https:\/\/www.uninter.com\/radio\/wp-json\/wp\/v2\/posts"}],"about":[{"href":"https:\/\/www.uninter.com\/radio\/wp-json\/wp\/v2\/types\/post"}],"author":[{"embeddable":true,"href":"https:\/\/www.uninter.com\/radio\/wp-json\/wp\/v2\/users\/3"}],"replies":[{"embeddable":true,"href":"https:\/\/www.uninter.com\/radio\/wp-json\/wp\/v2\/comments?post=33125"}],"version-history":[{"count":1,"href":"https:\/\/www.uninter.com\/radio\/wp-json\/wp\/v2\/posts\/33125\/revisions"}],"predecessor-version":[{"id":33127,"href":"https:\/\/www.uninter.com\/radio\/wp-json\/wp\/v2\/posts\/33125\/revisions\/33127"}],"wp:featuredmedia":[{"embeddable":true,"href":"https:\/\/www.uninter.com\/radio\/wp-json\/wp\/v2\/media\/31088"}],"wp:attachment":[{"href":"https:\/\/www.uninter.com\/radio\/wp-json\/wp\/v2\/media?parent=33125"}],"wp:term":[{"taxonomy":"category","embeddable":true,"href":"https:\/\/www.uninter.com\/radio\/wp-json\/wp\/v2\/categories?post=33125"},{"taxonomy":"post_tag","embeddable":true,"href":"https:\/\/www.uninter.com\/radio\/wp-json\/wp\/v2\/tags?post=33125"}],"curies":[{"name":"wp","href":"https:\/\/api.w.org\/{rel}","templated":true}]}}