{"id":33122,"date":"2022-04-05T15:02:00","date_gmt":"2022-04-05T18:02:00","guid":{"rendered":"https:\/\/www.uninter.com\/radio\/?p=33122"},"modified":"2022-04-05T15:02:02","modified_gmt":"2022-04-05T18:02:02","slug":"diversos-d-pos-52","status":"publish","type":"post","link":"https:\/\/www.uninter.com\/radio\/diversos-d-pos-52","title":{"rendered":"Diversos d P\u00f3s #52"},"content":{"rendered":"\n<figure class=\"wp-block-audio\"><audio controls src=\"https:\/\/www.uninter.com\/radio\/wp-content\/uploads\/2022\/04\/diversos-da-pos-24_03_2022.mp3\"><\/audio><\/figure>\n\n\n\n<p>No dia 20 de mar\u00e7o comemoramos o Dia Mundial da Sa\u00fade Bucal, e este \u00e9 o tema do Diversos da P\u00f3s.<\/p>\n\n\n\n<p>Para esclarecer as d\u00favidas, recebemos a odont\u00f3loga e professora Ivana Maria Saes Busato, com apresenta\u00e7\u00e3o de Willian Sales, Oriana Gaio e Cristiane Ripka.<\/p>\n","protected":false},"excerpt":{"rendered":"<p>No dia 20 de mar\u00e7o comemoramos o Dia Mundial da Sa\u00fade Bucal, e este \u00e9&#8230;<\/p>\n","protected":false},"author":3,"featured_media":31180,"comment_status":"open","ping_status":"open","sticky":false,"template":"","format":"standard","meta":[],"categories":[2704],"tags":[],"_links":{"self":[{"href":"https:\/\/www.uninter.com\/radio\/wp-json\/wp\/v2\/posts\/33122"}],"collection":[{"href":"https:\/\/www.uninter.com\/radio\/wp-json\/wp\/v2\/posts"}],"about":[{"href":"https:\/\/www.uninter.com\/radio\/wp-json\/wp\/v2\/types\/post"}],"author":[{"embeddable":true,"href":"https:\/\/www.uninter.com\/radio\/wp-json\/wp\/v2\/users\/3"}],"replies":[{"embeddable":true,"href":"https:\/\/www.uninter.com\/radio\/wp-json\/wp\/v2\/comments?post=33122"}],"version-history":[{"count":1,"href":"https:\/\/www.uninter.com\/radio\/wp-json\/wp\/v2\/posts\/33122\/revisions"}],"predecessor-version":[{"id":33124,"href":"https:\/\/www.uninter.com\/radio\/wp-json\/wp\/v2\/posts\/33122\/revisions\/33124"}],"wp:featuredmedia":[{"embeddable":true,"href":"https:\/\/www.uninter.com\/radio\/wp-json\/wp\/v2\/media\/31180"}],"wp:attachment":[{"href":"https:\/\/www.uninter.com\/radio\/wp-json\/wp\/v2\/media?parent=33122"}],"wp:term":[{"taxonomy":"category","embeddable":true,"href":"https:\/\/www.uninter.com\/radio\/wp-json\/wp\/v2\/categories?post=33122"},{"taxonomy":"post_tag","embeddable":true,"href":"https:\/\/www.uninter.com\/radio\/wp-json\/wp\/v2\/tags?post=33122"}],"curies":[{"name":"wp","href":"https:\/\/api.w.org\/{rel}","templated":true}]}}