{"id":33098,"date":"2022-04-05T14:26:37","date_gmt":"2022-04-05T17:26:37","guid":{"rendered":"https:\/\/www.uninter.com\/radio\/?p=33098"},"modified":"2022-04-05T14:27:30","modified_gmt":"2022-04-05T17:27:30","slug":"sua-saude-99","status":"publish","type":"post","link":"https:\/\/www.uninter.com\/radio\/sua-saude-99","title":{"rendered":"Sua Sa\u00fade #99"},"content":{"rendered":"\n<figure class=\"wp-block-audio\"><audio controls src=\"https:\/\/www.uninter.com\/radio\/wp-content\/uploads\/2022\/04\/sua-saude-22_03_2022.mp3\"><\/audio><\/figure>\n\n\n\n<p>A tuberculose \u00e9 uma doen\u00e7a infecciosa e transmiss\u00edvel que afeta prioritariamente os pulm\u00f5es, embora possa acometer outros \u00f3rg\u00e3os e\/ou sistemas, e em tempos de doen\u00e7as respirat\u00f3rias, \u00e9 bom sabermos diferenciar cada uma delas.<\/p>\n\n\n\n<p>Vamos fala sobre o tema no Sua Sa\u00fade e para esclarecer o assunto, recebemos Prof Deisi F. Benedet e Profa Elaine Gracia. A apresenta\u00e7\u00e3o \u00e9 de Barbara Carvalho.<\/p>\n","protected":false},"excerpt":{"rendered":"<p>A tuberculose \u00e9 uma doen\u00e7a infecciosa e transmiss\u00edvel que afeta prioritariamente os pulm\u00f5es, embora possa&#8230;<\/p>\n","protected":false},"author":3,"featured_media":30560,"comment_status":"open","ping_status":"open","sticky":false,"template":"","format":"standard","meta":[],"categories":[2716],"tags":[],"_links":{"self":[{"href":"https:\/\/www.uninter.com\/radio\/wp-json\/wp\/v2\/posts\/33098"}],"collection":[{"href":"https:\/\/www.uninter.com\/radio\/wp-json\/wp\/v2\/posts"}],"about":[{"href":"https:\/\/www.uninter.com\/radio\/wp-json\/wp\/v2\/types\/post"}],"author":[{"embeddable":true,"href":"https:\/\/www.uninter.com\/radio\/wp-json\/wp\/v2\/users\/3"}],"replies":[{"embeddable":true,"href":"https:\/\/www.uninter.com\/radio\/wp-json\/wp\/v2\/comments?post=33098"}],"version-history":[{"count":2,"href":"https:\/\/www.uninter.com\/radio\/wp-json\/wp\/v2\/posts\/33098\/revisions"}],"predecessor-version":[{"id":33102,"href":"https:\/\/www.uninter.com\/radio\/wp-json\/wp\/v2\/posts\/33098\/revisions\/33102"}],"wp:featuredmedia":[{"embeddable":true,"href":"https:\/\/www.uninter.com\/radio\/wp-json\/wp\/v2\/media\/30560"}],"wp:attachment":[{"href":"https:\/\/www.uninter.com\/radio\/wp-json\/wp\/v2\/media?parent=33098"}],"wp:term":[{"taxonomy":"category","embeddable":true,"href":"https:\/\/www.uninter.com\/radio\/wp-json\/wp\/v2\/categories?post=33098"},{"taxonomy":"post_tag","embeddable":true,"href":"https:\/\/www.uninter.com\/radio\/wp-json\/wp\/v2\/tags?post=33098"}],"curies":[{"name":"wp","href":"https:\/\/api.w.org\/{rel}","templated":true}]}}