{"id":33095,"date":"2022-04-05T14:23:10","date_gmt":"2022-04-05T17:23:10","guid":{"rendered":"https:\/\/www.uninter.com\/radio\/?p=33095"},"modified":"2022-04-05T14:23:12","modified_gmt":"2022-04-05T17:23:12","slug":"estacao-sustentavel-15","status":"publish","type":"post","link":"https:\/\/www.uninter.com\/radio\/estacao-sustentavel-15","title":{"rendered":"Esta\u00e7\u00e3o Sustent\u00e1vel #15"},"content":{"rendered":"\n<figure class=\"wp-block-audio\"><audio controls src=\"https:\/\/www.uninter.com\/radio\/wp-content\/uploads\/2022\/04\/estacao-sustentavel-21_03_2022.mp3\"><\/audio><\/figure>\n\n\n\n<p>O Esta\u00e7\u00e3o Sustent\u00e1vel est\u00e1 de volta, o seu momento semanal para ouvir sobre os principais assuntos relacionados ao meio ambiente!<\/p>\n\n\n\n<p>Na primeira edi\u00e7\u00e3o de 2022 vamos apresentar e debater os temas que ser\u00e3o abordados no programa, e para isso contamos com a presen\u00e7a de Prof. Rodrigo de C\u00e1ssio da Silva, Prof. Augusto Lima da Silveira, Prof. Andr\u00e9 Maciel Pelanda, T\u00e9c. Jo\u00e3o Andr\u00e9 Martinson Salesbram.<\/p>\n","protected":false},"excerpt":{"rendered":"<p>O Esta\u00e7\u00e3o Sustent\u00e1vel est\u00e1 de volta, o seu momento semanal para ouvir sobre os principais&#8230;<\/p>\n","protected":false},"author":3,"featured_media":30524,"comment_status":"open","ping_status":"open","sticky":false,"template":"","format":"standard","meta":[],"categories":[2705],"tags":[],"_links":{"self":[{"href":"https:\/\/www.uninter.com\/radio\/wp-json\/wp\/v2\/posts\/33095"}],"collection":[{"href":"https:\/\/www.uninter.com\/radio\/wp-json\/wp\/v2\/posts"}],"about":[{"href":"https:\/\/www.uninter.com\/radio\/wp-json\/wp\/v2\/types\/post"}],"author":[{"embeddable":true,"href":"https:\/\/www.uninter.com\/radio\/wp-json\/wp\/v2\/users\/3"}],"replies":[{"embeddable":true,"href":"https:\/\/www.uninter.com\/radio\/wp-json\/wp\/v2\/comments?post=33095"}],"version-history":[{"count":1,"href":"https:\/\/www.uninter.com\/radio\/wp-json\/wp\/v2\/posts\/33095\/revisions"}],"predecessor-version":[{"id":33097,"href":"https:\/\/www.uninter.com\/radio\/wp-json\/wp\/v2\/posts\/33095\/revisions\/33097"}],"wp:featuredmedia":[{"embeddable":true,"href":"https:\/\/www.uninter.com\/radio\/wp-json\/wp\/v2\/media\/30524"}],"wp:attachment":[{"href":"https:\/\/www.uninter.com\/radio\/wp-json\/wp\/v2\/media?parent=33095"}],"wp:term":[{"taxonomy":"category","embeddable":true,"href":"https:\/\/www.uninter.com\/radio\/wp-json\/wp\/v2\/categories?post=33095"},{"taxonomy":"post_tag","embeddable":true,"href":"https:\/\/www.uninter.com\/radio\/wp-json\/wp\/v2\/tags?post=33095"}],"curies":[{"name":"wp","href":"https:\/\/api.w.org\/{rel}","templated":true}]}}