{"id":33092,"date":"2022-04-05T14:21:22","date_gmt":"2022-04-05T17:21:22","guid":{"rendered":"https:\/\/www.uninter.com\/radio\/?p=33092"},"modified":"2022-04-05T14:21:24","modified_gmt":"2022-04-05T17:21:24","slug":"talento-em-foco-75","status":"publish","type":"post","link":"https:\/\/www.uninter.com\/radio\/talento-em-foco-75","title":{"rendered":"Talento em Foco #75"},"content":{"rendered":"\n<figure class=\"wp-block-audio\"><audio controls src=\"https:\/\/www.uninter.com\/radio\/wp-content\/uploads\/2022\/04\/talento-em-foco-21_03_2022.mp3\"><\/audio><\/figure>\n\n\n\n<p>Voc\u00ea sabe quais s\u00e3o as compet\u00eancias que um empreendedor deve ter? Este \u00e9 o tema do Talento em Foco.<\/p>\n\n\n\n<p>A nossa s\u00e9rie sobre a for\u00e7a das mulheres recebe dessa vez Cleusa Zanatta, palestrante e empres\u00e1ria do ramo aliment\u00edcio.<\/p>\n\n\n\n<p>A apresenta\u00e7\u00e3o \u00e9 de Barbara Carvalho e \u00c9rika Lotz.<\/p>\n","protected":false},"excerpt":{"rendered":"<p>Voc\u00ea sabe quais s\u00e3o as compet\u00eancias que um empreendedor deve ter? Este \u00e9 o tema&#8230;<\/p>\n","protected":false},"author":3,"featured_media":31128,"comment_status":"open","ping_status":"open","sticky":false,"template":"","format":"standard","meta":[],"categories":[2723],"tags":[],"_links":{"self":[{"href":"https:\/\/www.uninter.com\/radio\/wp-json\/wp\/v2\/posts\/33092"}],"collection":[{"href":"https:\/\/www.uninter.com\/radio\/wp-json\/wp\/v2\/posts"}],"about":[{"href":"https:\/\/www.uninter.com\/radio\/wp-json\/wp\/v2\/types\/post"}],"author":[{"embeddable":true,"href":"https:\/\/www.uninter.com\/radio\/wp-json\/wp\/v2\/users\/3"}],"replies":[{"embeddable":true,"href":"https:\/\/www.uninter.com\/radio\/wp-json\/wp\/v2\/comments?post=33092"}],"version-history":[{"count":1,"href":"https:\/\/www.uninter.com\/radio\/wp-json\/wp\/v2\/posts\/33092\/revisions"}],"predecessor-version":[{"id":33094,"href":"https:\/\/www.uninter.com\/radio\/wp-json\/wp\/v2\/posts\/33092\/revisions\/33094"}],"wp:featuredmedia":[{"embeddable":true,"href":"https:\/\/www.uninter.com\/radio\/wp-json\/wp\/v2\/media\/31128"}],"wp:attachment":[{"href":"https:\/\/www.uninter.com\/radio\/wp-json\/wp\/v2\/media?parent=33092"}],"wp:term":[{"taxonomy":"category","embeddable":true,"href":"https:\/\/www.uninter.com\/radio\/wp-json\/wp\/v2\/categories?post=33092"},{"taxonomy":"post_tag","embeddable":true,"href":"https:\/\/www.uninter.com\/radio\/wp-json\/wp\/v2\/tags?post=33092"}],"curies":[{"name":"wp","href":"https:\/\/api.w.org\/{rel}","templated":true}]}}