{"id":33072,"date":"2022-04-05T10:26:52","date_gmt":"2022-04-05T13:26:52","guid":{"rendered":"https:\/\/www.uninter.com\/radio\/?p=33072"},"modified":"2022-04-05T10:26:53","modified_gmt":"2022-04-05T13:26:53","slug":"humanidades-58","status":"publish","type":"post","link":"https:\/\/www.uninter.com\/radio\/humanidades-58","title":{"rendered":"Humanidades #58"},"content":{"rendered":"\n<figure class=\"wp-block-audio\"><audio controls src=\"https:\/\/www.uninter.com\/radio\/wp-content\/uploads\/2022\/04\/humanidades-16_03_2022_mixagem.mp3\"><\/audio><\/figure>\n\n\n\n<p>Estamos de volta com o programa Humanidades, e para abrir a temporada 2022 falamos sobre &#8220;A import\u00e2ncia da educa\u00e7\u00e3o permanente para os profissionais das \u00e1reas de humanidades&#8221;.<\/p>\n\n\n\n<p>Para esclarecer o assunto, o bate-papo conta com a presen\u00e7a da professora da \u00e1rea de servi\u00e7o social, Neiva Silvana Hack. Acompanhe.<\/p>\n","protected":false},"excerpt":{"rendered":"<p>Estamos de volta com o programa Humanidades, e para abrir a temporada 2022 falamos sobre&#8230;<\/p>\n","protected":false},"author":3,"featured_media":30528,"comment_status":"open","ping_status":"open","sticky":false,"template":"","format":"standard","meta":[],"categories":[2707],"tags":[],"_links":{"self":[{"href":"https:\/\/www.uninter.com\/radio\/wp-json\/wp\/v2\/posts\/33072"}],"collection":[{"href":"https:\/\/www.uninter.com\/radio\/wp-json\/wp\/v2\/posts"}],"about":[{"href":"https:\/\/www.uninter.com\/radio\/wp-json\/wp\/v2\/types\/post"}],"author":[{"embeddable":true,"href":"https:\/\/www.uninter.com\/radio\/wp-json\/wp\/v2\/users\/3"}],"replies":[{"embeddable":true,"href":"https:\/\/www.uninter.com\/radio\/wp-json\/wp\/v2\/comments?post=33072"}],"version-history":[{"count":1,"href":"https:\/\/www.uninter.com\/radio\/wp-json\/wp\/v2\/posts\/33072\/revisions"}],"predecessor-version":[{"id":33074,"href":"https:\/\/www.uninter.com\/radio\/wp-json\/wp\/v2\/posts\/33072\/revisions\/33074"}],"wp:featuredmedia":[{"embeddable":true,"href":"https:\/\/www.uninter.com\/radio\/wp-json\/wp\/v2\/media\/30528"}],"wp:attachment":[{"href":"https:\/\/www.uninter.com\/radio\/wp-json\/wp\/v2\/media?parent=33072"}],"wp:term":[{"taxonomy":"category","embeddable":true,"href":"https:\/\/www.uninter.com\/radio\/wp-json\/wp\/v2\/categories?post=33072"},{"taxonomy":"post_tag","embeddable":true,"href":"https:\/\/www.uninter.com\/radio\/wp-json\/wp\/v2\/tags?post=33072"}],"curies":[{"name":"wp","href":"https:\/\/api.w.org\/{rel}","templated":true}]}}