{"id":33008,"date":"2022-03-17T17:12:54","date_gmt":"2022-03-17T20:12:54","guid":{"rendered":"https:\/\/www.uninter.com\/radio\/?p=33008"},"modified":"2022-03-17T17:12:54","modified_gmt":"2022-03-17T20:12:54","slug":"conheca-seu-direito-39","status":"publish","type":"post","link":"https:\/\/www.uninter.com\/radio\/conheca-seu-direito-39","title":{"rendered":"Conhe\u00e7a seu Direito #39"},"content":{"rendered":"<div dir=\"auto\">O programa Conhe\u00e7a seu Direito retorna para a temporada 2022!<\/div>\n<div dir=\"auto\">No primeiro EP do ano vamos falar sobre &#8220;O idoso nas rela\u00e7\u00f5es de consumo&#8221;, falando sobre a fun\u00e7\u00e3o do C\u00f3digo de Defesa do Consumidor na defesa dos direitos das pessoas idosas.<\/div>\n<div dir=\"auto\">Para o bate-papo recebemos os professores Dr. Silvano Alcantara, Esp. Jennifer Manfrin, e a convidada: Prof\u00aa Isabela Bonfim (Especialista).<\/div>\n<!--[if lt IE 9]><script>document.createElement('audio');<\/script><![endif]-->\n<audio class=\"wp-audio-shortcode\" id=\"audio-33008-1\" preload=\"none\" style=\"width: 100%;\" controls=\"controls\"><source type=\"audio\/mpeg\" src=\"https:\/\/www.uninter.com\/radio\/wp-content\/uploads\/2022\/03\/conhe\u00e7a-seu-direito-07_03_2022_mixagem-online-audio-converter.com_.mp3?_=1\" \/><a href=\"https:\/\/www.uninter.com\/radio\/wp-content\/uploads\/2022\/03\/conhe\u00e7a-seu-direito-07_03_2022_mixagem-online-audio-converter.com_.mp3\">https:\/\/www.uninter.com\/radio\/wp-content\/uploads\/2022\/03\/conhe\u00e7a-seu-direito-07_03_2022_mixagem-online-audio-converter.com_.mp3<\/a><\/audio>\n","protected":false},"excerpt":{"rendered":"<p>O programa Conhe\u00e7a seu Direito retorna para a temporada 2022! No primeiro EP do ano&#8230;<\/p>\n","protected":false},"author":3,"featured_media":31155,"comment_status":"open","ping_status":"open","sticky":false,"template":"","format":"standard","meta":[],"categories":[2703],"tags":[],"_links":{"self":[{"href":"https:\/\/www.uninter.com\/radio\/wp-json\/wp\/v2\/posts\/33008"}],"collection":[{"href":"https:\/\/www.uninter.com\/radio\/wp-json\/wp\/v2\/posts"}],"about":[{"href":"https:\/\/www.uninter.com\/radio\/wp-json\/wp\/v2\/types\/post"}],"author":[{"embeddable":true,"href":"https:\/\/www.uninter.com\/radio\/wp-json\/wp\/v2\/users\/3"}],"replies":[{"embeddable":true,"href":"https:\/\/www.uninter.com\/radio\/wp-json\/wp\/v2\/comments?post=33008"}],"version-history":[{"count":1,"href":"https:\/\/www.uninter.com\/radio\/wp-json\/wp\/v2\/posts\/33008\/revisions"}],"predecessor-version":[{"id":33010,"href":"https:\/\/www.uninter.com\/radio\/wp-json\/wp\/v2\/posts\/33008\/revisions\/33010"}],"wp:featuredmedia":[{"embeddable":true,"href":"https:\/\/www.uninter.com\/radio\/wp-json\/wp\/v2\/media\/31155"}],"wp:attachment":[{"href":"https:\/\/www.uninter.com\/radio\/wp-json\/wp\/v2\/media?parent=33008"}],"wp:term":[{"taxonomy":"category","embeddable":true,"href":"https:\/\/www.uninter.com\/radio\/wp-json\/wp\/v2\/categories?post=33008"},{"taxonomy":"post_tag","embeddable":true,"href":"https:\/\/www.uninter.com\/radio\/wp-json\/wp\/v2\/tags?post=33008"}],"curies":[{"name":"wp","href":"https:\/\/api.w.org\/{rel}","templated":true}]}}