{"id":33005,"date":"2022-03-17T17:03:24","date_gmt":"2022-03-17T20:03:24","guid":{"rendered":"https:\/\/www.uninter.com\/radio\/?p=33005"},"modified":"2022-03-17T17:03:24","modified_gmt":"2022-03-17T20:03:24","slug":"talento-em-foco-73","status":"publish","type":"post","link":"https:\/\/www.uninter.com\/radio\/talento-em-foco-73","title":{"rendered":"Talento em Foco #73"},"content":{"rendered":"<div dir=\"auto\">No dia 08 de mar\u00e7o comemoramos o dia internacional da mulher, e aproveitando a comemora\u00e7\u00e3o, o EP da vez do Talento em Foco fala sobre A for\u00e7a da mulher no empreendedorismo e no mercado de trabalho.<\/div>\n<div dir=\"auto\">Para o bate-papo recebemos Katia Demier, coach e especialista em soft skills.<\/div>\n<div dir=\"auto\">Com apresenta\u00e7\u00e3o de Barbara Carvalho e \u00c9rika Lotz.<\/div>\n<!--[if lt IE 9]><script>document.createElement('audio');<\/script><![endif]-->\n<audio class=\"wp-audio-shortcode\" id=\"audio-33005-1\" preload=\"none\" style=\"width: 100%;\" controls=\"controls\"><source type=\"audio\/mpeg\" src=\"https:\/\/www.uninter.com\/radio\/wp-content\/uploads\/2022\/03\/talento-em-foco-07_03_2022_mixagem.mp3?_=1\" \/><a href=\"https:\/\/www.uninter.com\/radio\/wp-content\/uploads\/2022\/03\/talento-em-foco-07_03_2022_mixagem.mp3\">https:\/\/www.uninter.com\/radio\/wp-content\/uploads\/2022\/03\/talento-em-foco-07_03_2022_mixagem.mp3<\/a><\/audio>\n","protected":false},"excerpt":{"rendered":"<p>No dia 08 de mar\u00e7o comemoramos o dia internacional da mulher, e aproveitando a comemora\u00e7\u00e3o,&#8230;<\/p>\n","protected":false},"author":3,"featured_media":31128,"comment_status":"open","ping_status":"open","sticky":false,"template":"","format":"standard","meta":[],"categories":[2723],"tags":[],"_links":{"self":[{"href":"https:\/\/www.uninter.com\/radio\/wp-json\/wp\/v2\/posts\/33005"}],"collection":[{"href":"https:\/\/www.uninter.com\/radio\/wp-json\/wp\/v2\/posts"}],"about":[{"href":"https:\/\/www.uninter.com\/radio\/wp-json\/wp\/v2\/types\/post"}],"author":[{"embeddable":true,"href":"https:\/\/www.uninter.com\/radio\/wp-json\/wp\/v2\/users\/3"}],"replies":[{"embeddable":true,"href":"https:\/\/www.uninter.com\/radio\/wp-json\/wp\/v2\/comments?post=33005"}],"version-history":[{"count":1,"href":"https:\/\/www.uninter.com\/radio\/wp-json\/wp\/v2\/posts\/33005\/revisions"}],"predecessor-version":[{"id":33007,"href":"https:\/\/www.uninter.com\/radio\/wp-json\/wp\/v2\/posts\/33005\/revisions\/33007"}],"wp:featuredmedia":[{"embeddable":true,"href":"https:\/\/www.uninter.com\/radio\/wp-json\/wp\/v2\/media\/31128"}],"wp:attachment":[{"href":"https:\/\/www.uninter.com\/radio\/wp-json\/wp\/v2\/media?parent=33005"}],"wp:term":[{"taxonomy":"category","embeddable":true,"href":"https:\/\/www.uninter.com\/radio\/wp-json\/wp\/v2\/categories?post=33005"},{"taxonomy":"post_tag","embeddable":true,"href":"https:\/\/www.uninter.com\/radio\/wp-json\/wp\/v2\/tags?post=33005"}],"curies":[{"name":"wp","href":"https:\/\/api.w.org\/{rel}","templated":true}]}}