{"id":32990,"date":"2022-03-14T13:12:31","date_gmt":"2022-03-14T16:12:31","guid":{"rendered":"https:\/\/www.uninter.com\/radio\/?p=32990"},"modified":"2022-03-14T13:12:31","modified_gmt":"2022-03-14T16:12:31","slug":"chave-interdisciplinar-68","status":"publish","type":"post","link":"https:\/\/www.uninter.com\/radio\/chave-interdisciplinar-68","title":{"rendered":"Chave Interdisciplinar #68"},"content":{"rendered":"<div dir=\"auto\">Estamos de volta com a nova temporada do programa Chave Interdisciplinar!<\/div>\n<div dir=\"auto\">Na a primeira edi\u00e7\u00e3o de 2022 temos como tema &#8220;O novo ensino m\u00e9dio e as disciplinas de L\u00edngua Portuguesa e Hist\u00f3ria.<\/div>\n<div dir=\"auto\">Para o bate-papo recebemos Prof. Me. Crisbelli Domingos, Prof. Esp. Gladisson Silva da Costa, com media\u00e7\u00e3o de Prof. Dr. Deisily de Quadros.<\/div>\n<div dir=\"auto\"><\/div>\n<!--[if lt IE 9]><script>document.createElement('audio');<\/script><![endif]-->\n<audio class=\"wp-audio-shortcode\" id=\"audio-32990-1\" preload=\"none\" style=\"width: 100%;\" controls=\"controls\"><source type=\"audio\/mpeg\" src=\"https:\/\/www.uninter.com\/radio\/wp-content\/uploads\/2022\/03\/chave-03_03_2022_mixagem.mp3?_=1\" \/><a href=\"https:\/\/www.uninter.com\/radio\/wp-content\/uploads\/2022\/03\/chave-03_03_2022_mixagem.mp3\">https:\/\/www.uninter.com\/radio\/wp-content\/uploads\/2022\/03\/chave-03_03_2022_mixagem.mp3<\/a><\/audio>\n","protected":false},"excerpt":{"rendered":"<p>Estamos de volta com a nova temporada do programa Chave Interdisciplinar! Na a primeira edi\u00e7\u00e3o&#8230;<\/p>\n","protected":false},"author":3,"featured_media":31168,"comment_status":"open","ping_status":"open","sticky":false,"template":"","format":"standard","meta":[],"categories":[2735],"tags":[],"_links":{"self":[{"href":"https:\/\/www.uninter.com\/radio\/wp-json\/wp\/v2\/posts\/32990"}],"collection":[{"href":"https:\/\/www.uninter.com\/radio\/wp-json\/wp\/v2\/posts"}],"about":[{"href":"https:\/\/www.uninter.com\/radio\/wp-json\/wp\/v2\/types\/post"}],"author":[{"embeddable":true,"href":"https:\/\/www.uninter.com\/radio\/wp-json\/wp\/v2\/users\/3"}],"replies":[{"embeddable":true,"href":"https:\/\/www.uninter.com\/radio\/wp-json\/wp\/v2\/comments?post=32990"}],"version-history":[{"count":1,"href":"https:\/\/www.uninter.com\/radio\/wp-json\/wp\/v2\/posts\/32990\/revisions"}],"predecessor-version":[{"id":32992,"href":"https:\/\/www.uninter.com\/radio\/wp-json\/wp\/v2\/posts\/32990\/revisions\/32992"}],"wp:featuredmedia":[{"embeddable":true,"href":"https:\/\/www.uninter.com\/radio\/wp-json\/wp\/v2\/media\/31168"}],"wp:attachment":[{"href":"https:\/\/www.uninter.com\/radio\/wp-json\/wp\/v2\/media?parent=32990"}],"wp:term":[{"taxonomy":"category","embeddable":true,"href":"https:\/\/www.uninter.com\/radio\/wp-json\/wp\/v2\/categories?post=32990"},{"taxonomy":"post_tag","embeddable":true,"href":"https:\/\/www.uninter.com\/radio\/wp-json\/wp\/v2\/tags?post=32990"}],"curies":[{"name":"wp","href":"https:\/\/api.w.org\/{rel}","templated":true}]}}