{"id":32987,"date":"2022-03-14T13:08:42","date_gmt":"2022-03-14T16:08:42","guid":{"rendered":"https:\/\/www.uninter.com\/radio\/?p=32987"},"modified":"2022-03-14T13:08:42","modified_gmt":"2022-03-14T16:08:42","slug":"memoria-viva-93","status":"publish","type":"post","link":"https:\/\/www.uninter.com\/radio\/memoria-viva-93","title":{"rendered":"Mem\u00f3ria Viva #93"},"content":{"rendered":"<div dir=\"auto\">No Mem\u00f3ria Viva vamos conhecer um pouco da hist\u00f3ria de Aline Eberspacher, coordenadora de p\u00f3s-gradua\u00e7\u00e3o de cursos nas \u00e1reas de Comercial e Marketing.<\/div>\n<div dir=\"auto\">A apresenta\u00e7\u00e3o \u00e9 de Barbara Carvalho<\/div>\n<p>&nbsp;<\/p>\n<!--[if lt IE 9]><script>document.createElement('audio');<\/script><![endif]-->\n<audio class=\"wp-audio-shortcode\" id=\"audio-32987-1\" preload=\"none\" style=\"width: 100%;\" controls=\"controls\"><source type=\"audio\/mpeg\" src=\"https:\/\/www.uninter.com\/radio\/wp-content\/uploads\/2022\/03\/memoria-viva-03_03_2022_mixagem.mp3?_=1\" \/><a href=\"https:\/\/www.uninter.com\/radio\/wp-content\/uploads\/2022\/03\/memoria-viva-03_03_2022_mixagem.mp3\">https:\/\/www.uninter.com\/radio\/wp-content\/uploads\/2022\/03\/memoria-viva-03_03_2022_mixagem.mp3<\/a><\/audio>\n","protected":false},"excerpt":{"rendered":"<p>No Mem\u00f3ria Viva vamos conhecer um pouco da hist\u00f3ria de Aline Eberspacher, coordenadora de p\u00f3s-gradua\u00e7\u00e3o&#8230;<\/p>\n","protected":false},"author":3,"featured_media":31159,"comment_status":"open","ping_status":"open","sticky":false,"template":"","format":"standard","meta":[],"categories":[2712],"tags":[],"_links":{"self":[{"href":"https:\/\/www.uninter.com\/radio\/wp-json\/wp\/v2\/posts\/32987"}],"collection":[{"href":"https:\/\/www.uninter.com\/radio\/wp-json\/wp\/v2\/posts"}],"about":[{"href":"https:\/\/www.uninter.com\/radio\/wp-json\/wp\/v2\/types\/post"}],"author":[{"embeddable":true,"href":"https:\/\/www.uninter.com\/radio\/wp-json\/wp\/v2\/users\/3"}],"replies":[{"embeddable":true,"href":"https:\/\/www.uninter.com\/radio\/wp-json\/wp\/v2\/comments?post=32987"}],"version-history":[{"count":1,"href":"https:\/\/www.uninter.com\/radio\/wp-json\/wp\/v2\/posts\/32987\/revisions"}],"predecessor-version":[{"id":32989,"href":"https:\/\/www.uninter.com\/radio\/wp-json\/wp\/v2\/posts\/32987\/revisions\/32989"}],"wp:featuredmedia":[{"embeddable":true,"href":"https:\/\/www.uninter.com\/radio\/wp-json\/wp\/v2\/media\/31159"}],"wp:attachment":[{"href":"https:\/\/www.uninter.com\/radio\/wp-json\/wp\/v2\/media?parent=32987"}],"wp:term":[{"taxonomy":"category","embeddable":true,"href":"https:\/\/www.uninter.com\/radio\/wp-json\/wp\/v2\/categories?post=32987"},{"taxonomy":"post_tag","embeddable":true,"href":"https:\/\/www.uninter.com\/radio\/wp-json\/wp\/v2\/tags?post=32987"}],"curies":[{"name":"wp","href":"https:\/\/api.w.org\/{rel}","templated":true}]}}