{"id":32910,"date":"2022-02-16T14:27:07","date_gmt":"2022-02-16T17:27:07","guid":{"rendered":"https:\/\/www.uninter.com\/radio\/?p=32910"},"modified":"2022-02-16T14:27:07","modified_gmt":"2022-02-16T17:27:07","slug":"talento-em-foco-69","status":"publish","type":"post","link":"https:\/\/www.uninter.com\/radio\/talento-em-foco-69","title":{"rendered":"Talento em Foco #69"},"content":{"rendered":"<div dir=\"auto\">Voltamos a ativa com o programa Talento em Foco, abrindo a temporada 2022.<\/div>\n<div dir=\"auto\">Como j\u00e1 sabem, damos as melhores dicas de como se manter e se dar bem no mercado de trabalho, e na primeira edi\u00e7\u00e3o do ano, vamos falar sobre &#8220;autogerenciamento da carreira, o senso de dono e o autoprotagonismo&#8221;<\/div>\n<div dir=\"auto\">Para o bate-papo recebemos Akemi Shida, empres\u00e1ria, palestrante, psic\u00f3loga especialista em planejamento de carreira e desenvolvimento de l\u00edderes.<\/div>\n<!--[if lt IE 9]><script>document.createElement('audio');<\/script><![endif]-->\n<audio class=\"wp-audio-shortcode\" id=\"audio-32910-1\" preload=\"none\" style=\"width: 100%;\" controls=\"controls\"><source type=\"audio\/mpeg\" src=\"https:\/\/www.uninter.com\/radio\/wp-content\/uploads\/2022\/02\/talento-em-foco-07_02_2022_mixagem.mp3?_=1\" \/><a href=\"https:\/\/www.uninter.com\/radio\/wp-content\/uploads\/2022\/02\/talento-em-foco-07_02_2022_mixagem.mp3\">https:\/\/www.uninter.com\/radio\/wp-content\/uploads\/2022\/02\/talento-em-foco-07_02_2022_mixagem.mp3<\/a><\/audio>\n","protected":false},"excerpt":{"rendered":"<p>Voltamos a ativa com o programa Talento em Foco, abrindo a temporada 2022. Como j\u00e1&#8230;<\/p>\n","protected":false},"author":3,"featured_media":31128,"comment_status":"open","ping_status":"open","sticky":false,"template":"","format":"standard","meta":[],"categories":[2723],"tags":[],"_links":{"self":[{"href":"https:\/\/www.uninter.com\/radio\/wp-json\/wp\/v2\/posts\/32910"}],"collection":[{"href":"https:\/\/www.uninter.com\/radio\/wp-json\/wp\/v2\/posts"}],"about":[{"href":"https:\/\/www.uninter.com\/radio\/wp-json\/wp\/v2\/types\/post"}],"author":[{"embeddable":true,"href":"https:\/\/www.uninter.com\/radio\/wp-json\/wp\/v2\/users\/3"}],"replies":[{"embeddable":true,"href":"https:\/\/www.uninter.com\/radio\/wp-json\/wp\/v2\/comments?post=32910"}],"version-history":[{"count":1,"href":"https:\/\/www.uninter.com\/radio\/wp-json\/wp\/v2\/posts\/32910\/revisions"}],"predecessor-version":[{"id":32912,"href":"https:\/\/www.uninter.com\/radio\/wp-json\/wp\/v2\/posts\/32910\/revisions\/32912"}],"wp:featuredmedia":[{"embeddable":true,"href":"https:\/\/www.uninter.com\/radio\/wp-json\/wp\/v2\/media\/31128"}],"wp:attachment":[{"href":"https:\/\/www.uninter.com\/radio\/wp-json\/wp\/v2\/media?parent=32910"}],"wp:term":[{"taxonomy":"category","embeddable":true,"href":"https:\/\/www.uninter.com\/radio\/wp-json\/wp\/v2\/categories?post=32910"},{"taxonomy":"post_tag","embeddable":true,"href":"https:\/\/www.uninter.com\/radio\/wp-json\/wp\/v2\/tags?post=32910"}],"curies":[{"name":"wp","href":"https:\/\/api.w.org\/{rel}","templated":true}]}}