{"id":32896,"date":"2022-02-08T10:09:53","date_gmt":"2022-02-08T13:09:53","guid":{"rendered":"https:\/\/www.uninter.com\/radio\/?p=32896"},"modified":"2022-02-08T10:09:53","modified_gmt":"2022-02-08T13:09:53","slug":"conversa-com-o-reitor-80","status":"publish","type":"post","link":"https:\/\/www.uninter.com\/radio\/conversa-com-o-reitor-80","title":{"rendered":"Conversa com o Reitor #80"},"content":{"rendered":"<div dir=\"auto\">As atividades de 2022 est\u00e3o come\u00e7ando e com elas, a Uninter anuncia muitas novidades. Uma delas s\u00e3o os novos cursos da casa, e voc\u00ea quer saber como ser\u00e3o os trabalhos na \u00e1rea?<\/div>\n<div dir=\"auto\">O primeiro Conversa com o Reitor do ano fala sobre &#8220;Reconhecimento de novos cursos Uninter&#8221; e para isso, Benhur Gaio recebe Denize Carneiro de Campos, pr\u00f3-reitora de assuntos institucionais.<\/div>\n<!--[if lt IE 9]><script>document.createElement('audio');<\/script><![endif]-->\n<audio class=\"wp-audio-shortcode\" id=\"audio-32896-1\" preload=\"none\" style=\"width: 100%;\" controls=\"controls\"><source type=\"audio\/mpeg\" src=\"https:\/\/www.uninter.com\/radio\/wp-content\/uploads\/2022\/02\/conversa-com-o-reitor-04_02_2022_mixagem-online-audio-converter.com_.mp3?_=1\" \/><a href=\"https:\/\/www.uninter.com\/radio\/wp-content\/uploads\/2022\/02\/conversa-com-o-reitor-04_02_2022_mixagem-online-audio-converter.com_.mp3\">https:\/\/www.uninter.com\/radio\/wp-content\/uploads\/2022\/02\/conversa-com-o-reitor-04_02_2022_mixagem-online-audio-converter.com_.mp3<\/a><\/audio>\n","protected":false},"excerpt":{"rendered":"<p>As atividades de 2022 est\u00e3o come\u00e7ando e com elas, a Uninter anuncia muitas novidades. Uma&#8230;<\/p>\n","protected":false},"author":3,"featured_media":31088,"comment_status":"open","ping_status":"open","sticky":false,"template":"","format":"standard","meta":[],"categories":[2724],"tags":[],"_links":{"self":[{"href":"https:\/\/www.uninter.com\/radio\/wp-json\/wp\/v2\/posts\/32896"}],"collection":[{"href":"https:\/\/www.uninter.com\/radio\/wp-json\/wp\/v2\/posts"}],"about":[{"href":"https:\/\/www.uninter.com\/radio\/wp-json\/wp\/v2\/types\/post"}],"author":[{"embeddable":true,"href":"https:\/\/www.uninter.com\/radio\/wp-json\/wp\/v2\/users\/3"}],"replies":[{"embeddable":true,"href":"https:\/\/www.uninter.com\/radio\/wp-json\/wp\/v2\/comments?post=32896"}],"version-history":[{"count":1,"href":"https:\/\/www.uninter.com\/radio\/wp-json\/wp\/v2\/posts\/32896\/revisions"}],"predecessor-version":[{"id":32898,"href":"https:\/\/www.uninter.com\/radio\/wp-json\/wp\/v2\/posts\/32896\/revisions\/32898"}],"wp:featuredmedia":[{"embeddable":true,"href":"https:\/\/www.uninter.com\/radio\/wp-json\/wp\/v2\/media\/31088"}],"wp:attachment":[{"href":"https:\/\/www.uninter.com\/radio\/wp-json\/wp\/v2\/media?parent=32896"}],"wp:term":[{"taxonomy":"category","embeddable":true,"href":"https:\/\/www.uninter.com\/radio\/wp-json\/wp\/v2\/categories?post=32896"},{"taxonomy":"post_tag","embeddable":true,"href":"https:\/\/www.uninter.com\/radio\/wp-json\/wp\/v2\/tags?post=32896"}],"curies":[{"name":"wp","href":"https:\/\/api.w.org\/{rel}","templated":true}]}}