{"id":32881,"date":"2022-02-08T09:34:30","date_gmt":"2022-02-08T12:34:30","guid":{"rendered":"https:\/\/www.uninter.com\/radio\/?p=32881"},"modified":"2022-02-08T09:34:30","modified_gmt":"2022-02-08T12:34:30","slug":"sua-saude-92","status":"publish","type":"post","link":"https:\/\/www.uninter.com\/radio\/sua-saude-92","title":{"rendered":"Sua Sa\u00fade #92"},"content":{"rendered":"<div dir=\"auto\">O Brasil iniciou a vacina\u00e7\u00e3o em crian\u00e7as contra a Covid 19, e o Sua Sa\u00fade de hoje fala da import\u00e2ncia dessa etapa para o publico infanto juvenil.<\/div>\n<div dir=\"auto\">Para explicar o assunto recebemos a professora Ivana Busato.<\/div>\n<div dir=\"auto\">Acompanhe.<\/div>\n<!--[if lt IE 9]><script>document.createElement('audio');<\/script><![endif]-->\n<audio class=\"wp-audio-shortcode\" id=\"audio-32881-1\" preload=\"none\" style=\"width: 100%;\" controls=\"controls\"><source type=\"audio\/mpeg\" src=\"https:\/\/www.uninter.com\/radio\/wp-content\/uploads\/2022\/02\/sua-saude-25_01_2022_mixagem.mp3?_=1\" \/><a href=\"https:\/\/www.uninter.com\/radio\/wp-content\/uploads\/2022\/02\/sua-saude-25_01_2022_mixagem.mp3\">https:\/\/www.uninter.com\/radio\/wp-content\/uploads\/2022\/02\/sua-saude-25_01_2022_mixagem.mp3<\/a><\/audio>\n","protected":false},"excerpt":{"rendered":"<p>O Brasil iniciou a vacina\u00e7\u00e3o em crian\u00e7as contra a Covid 19, e o Sua Sa\u00fade&#8230;<\/p>\n","protected":false},"author":3,"featured_media":30560,"comment_status":"open","ping_status":"open","sticky":false,"template":"","format":"standard","meta":[],"categories":[2716],"tags":[],"_links":{"self":[{"href":"https:\/\/www.uninter.com\/radio\/wp-json\/wp\/v2\/posts\/32881"}],"collection":[{"href":"https:\/\/www.uninter.com\/radio\/wp-json\/wp\/v2\/posts"}],"about":[{"href":"https:\/\/www.uninter.com\/radio\/wp-json\/wp\/v2\/types\/post"}],"author":[{"embeddable":true,"href":"https:\/\/www.uninter.com\/radio\/wp-json\/wp\/v2\/users\/3"}],"replies":[{"embeddable":true,"href":"https:\/\/www.uninter.com\/radio\/wp-json\/wp\/v2\/comments?post=32881"}],"version-history":[{"count":1,"href":"https:\/\/www.uninter.com\/radio\/wp-json\/wp\/v2\/posts\/32881\/revisions"}],"predecessor-version":[{"id":32883,"href":"https:\/\/www.uninter.com\/radio\/wp-json\/wp\/v2\/posts\/32881\/revisions\/32883"}],"wp:featuredmedia":[{"embeddable":true,"href":"https:\/\/www.uninter.com\/radio\/wp-json\/wp\/v2\/media\/30560"}],"wp:attachment":[{"href":"https:\/\/www.uninter.com\/radio\/wp-json\/wp\/v2\/media?parent=32881"}],"wp:term":[{"taxonomy":"category","embeddable":true,"href":"https:\/\/www.uninter.com\/radio\/wp-json\/wp\/v2\/categories?post=32881"},{"taxonomy":"post_tag","embeddable":true,"href":"https:\/\/www.uninter.com\/radio\/wp-json\/wp\/v2\/tags?post=32881"}],"curies":[{"name":"wp","href":"https:\/\/api.w.org\/{rel}","templated":true}]}}