{"id":32856,"date":"2022-01-18T11:39:02","date_gmt":"2022-01-18T14:39:02","guid":{"rendered":"https:\/\/www.uninter.com\/radio\/?p=32856"},"modified":"2022-01-18T11:39:02","modified_gmt":"2022-01-18T14:39:02","slug":"memoria-viva-88","status":"publish","type":"post","link":"https:\/\/www.uninter.com\/radio\/memoria-viva-88","title":{"rendered":"Mem\u00f3ria Viva #88"},"content":{"rendered":"<div dir=\"auto\">Na \u00faltima edi\u00e7\u00e3o de 2021, o programa Mem\u00f3ria Viva recebe Getulio Pereira, porteiro do pr\u00e9dio Tiradentes Uninter.<\/div>\n<div dir=\"auto\">Acompanhe!<\/div>\n<!--[if lt IE 9]><script>document.createElement('audio');<\/script><![endif]-->\n<audio class=\"wp-audio-shortcode\" id=\"audio-32856-1\" preload=\"none\" style=\"width: 100%;\" controls=\"controls\"><source type=\"audio\/mpeg\" src=\"https:\/\/www.uninter.com\/radio\/wp-content\/uploads\/2022\/01\/memoria-viva-16_12_2021_mixagem.mp3?_=1\" \/><a href=\"https:\/\/www.uninter.com\/radio\/wp-content\/uploads\/2022\/01\/memoria-viva-16_12_2021_mixagem.mp3\">https:\/\/www.uninter.com\/radio\/wp-content\/uploads\/2022\/01\/memoria-viva-16_12_2021_mixagem.mp3<\/a><\/audio>\n","protected":false},"excerpt":{"rendered":"<p>Na \u00faltima edi\u00e7\u00e3o de 2021, o programa Mem\u00f3ria Viva recebe Getulio Pereira, porteiro do pr\u00e9dio&#8230;<\/p>\n","protected":false},"author":3,"featured_media":31159,"comment_status":"open","ping_status":"open","sticky":false,"template":"","format":"standard","meta":[],"categories":[2712],"tags":[],"_links":{"self":[{"href":"https:\/\/www.uninter.com\/radio\/wp-json\/wp\/v2\/posts\/32856"}],"collection":[{"href":"https:\/\/www.uninter.com\/radio\/wp-json\/wp\/v2\/posts"}],"about":[{"href":"https:\/\/www.uninter.com\/radio\/wp-json\/wp\/v2\/types\/post"}],"author":[{"embeddable":true,"href":"https:\/\/www.uninter.com\/radio\/wp-json\/wp\/v2\/users\/3"}],"replies":[{"embeddable":true,"href":"https:\/\/www.uninter.com\/radio\/wp-json\/wp\/v2\/comments?post=32856"}],"version-history":[{"count":1,"href":"https:\/\/www.uninter.com\/radio\/wp-json\/wp\/v2\/posts\/32856\/revisions"}],"predecessor-version":[{"id":32858,"href":"https:\/\/www.uninter.com\/radio\/wp-json\/wp\/v2\/posts\/32856\/revisions\/32858"}],"wp:featuredmedia":[{"embeddable":true,"href":"https:\/\/www.uninter.com\/radio\/wp-json\/wp\/v2\/media\/31159"}],"wp:attachment":[{"href":"https:\/\/www.uninter.com\/radio\/wp-json\/wp\/v2\/media?parent=32856"}],"wp:term":[{"taxonomy":"category","embeddable":true,"href":"https:\/\/www.uninter.com\/radio\/wp-json\/wp\/v2\/categories?post=32856"},{"taxonomy":"post_tag","embeddable":true,"href":"https:\/\/www.uninter.com\/radio\/wp-json\/wp\/v2\/tags?post=32856"}],"curies":[{"name":"wp","href":"https:\/\/api.w.org\/{rel}","templated":true}]}}