{"id":32814,"date":"2021-12-14T15:31:17","date_gmt":"2021-12-14T18:31:17","guid":{"rendered":"https:\/\/www.uninter.com\/radio\/?p=32814"},"modified":"2021-12-14T15:31:17","modified_gmt":"2021-12-14T18:31:17","slug":"memoria-viva-87","status":"publish","type":"post","link":"https:\/\/www.uninter.com\/radio\/memoria-viva-87","title":{"rendered":"Mem\u00f3ria Viva #87"},"content":{"rendered":"<p>No Mem\u00f3ria Viva n\u00f3s vamos conhecer a hist\u00f3ria do Marcelo Alves Barcelo , ele \u00e9 gestor do polo de Carazinho-RS.<\/p>\n<!--[if lt IE 9]><script>document.createElement('audio');<\/script><![endif]-->\n<audio class=\"wp-audio-shortcode\" id=\"audio-32814-1\" preload=\"none\" style=\"width: 100%;\" controls=\"controls\"><source type=\"audio\/mpeg\" src=\"https:\/\/www.uninter.com\/radio\/wp-content\/uploads\/2021\/12\/memoria-viva-09_12_2021_mixagem.mp3?_=1\" \/><a href=\"https:\/\/www.uninter.com\/radio\/wp-content\/uploads\/2021\/12\/memoria-viva-09_12_2021_mixagem.mp3\">https:\/\/www.uninter.com\/radio\/wp-content\/uploads\/2021\/12\/memoria-viva-09_12_2021_mixagem.mp3<\/a><\/audio>\n","protected":false},"excerpt":{"rendered":"<p>No Mem\u00f3ria Viva n\u00f3s vamos conhecer a hist\u00f3ria do Marcelo Alves Barcelo , ele \u00e9&#8230;<\/p>\n","protected":false},"author":3,"featured_media":31159,"comment_status":"open","ping_status":"open","sticky":false,"template":"","format":"standard","meta":[],"categories":[2712],"tags":[],"_links":{"self":[{"href":"https:\/\/www.uninter.com\/radio\/wp-json\/wp\/v2\/posts\/32814"}],"collection":[{"href":"https:\/\/www.uninter.com\/radio\/wp-json\/wp\/v2\/posts"}],"about":[{"href":"https:\/\/www.uninter.com\/radio\/wp-json\/wp\/v2\/types\/post"}],"author":[{"embeddable":true,"href":"https:\/\/www.uninter.com\/radio\/wp-json\/wp\/v2\/users\/3"}],"replies":[{"embeddable":true,"href":"https:\/\/www.uninter.com\/radio\/wp-json\/wp\/v2\/comments?post=32814"}],"version-history":[{"count":1,"href":"https:\/\/www.uninter.com\/radio\/wp-json\/wp\/v2\/posts\/32814\/revisions"}],"predecessor-version":[{"id":32816,"href":"https:\/\/www.uninter.com\/radio\/wp-json\/wp\/v2\/posts\/32814\/revisions\/32816"}],"wp:featuredmedia":[{"embeddable":true,"href":"https:\/\/www.uninter.com\/radio\/wp-json\/wp\/v2\/media\/31159"}],"wp:attachment":[{"href":"https:\/\/www.uninter.com\/radio\/wp-json\/wp\/v2\/media?parent=32814"}],"wp:term":[{"taxonomy":"category","embeddable":true,"href":"https:\/\/www.uninter.com\/radio\/wp-json\/wp\/v2\/categories?post=32814"},{"taxonomy":"post_tag","embeddable":true,"href":"https:\/\/www.uninter.com\/radio\/wp-json\/wp\/v2\/tags?post=32814"}],"curies":[{"name":"wp","href":"https:\/\/api.w.org\/{rel}","templated":true}]}}