{"id":32734,"date":"2021-12-01T13:35:26","date_gmt":"2021-12-01T16:35:26","guid":{"rendered":"https:\/\/www.uninter.com\/radio\/?p=32734"},"modified":"2021-12-01T13:35:26","modified_gmt":"2021-12-01T16:35:26","slug":"transito-e-mobilidade-34","status":"publish","type":"post","link":"https:\/\/www.uninter.com\/radio\/transito-e-mobilidade-34","title":{"rendered":"Tr\u00e2nsito e Mobilidade #34"},"content":{"rendered":"<div dir=\"auto\">Nesta edi\u00e7\u00e3o do programa Tr\u00e2nsito e Mobilidade n\u00f3s vamos falar sobre a Semana Municipal de Tr\u00e2nsito de Arauc\u00e1ria (PR), realizada em 2021.<\/div>\n<div dir=\"auto\">Para a conversa contamos com a presen\u00e7a de representantes do Departamento de Tr\u00e2nsito de Arauc\u00e1ria PR, Engenheiro e Autoridade Municipal de Tr\u00e2nsito: Luiz Ant\u00f4nio Gouvea, Coord.de Educa\u00e7\u00e3o para o tr\u00e2nsito: Ivan M\u00e1rcio Fonseca Filho<\/div>\n<div dir=\"auto\">Observat\u00f3rio Nacional de Seguran\u00e7a Vi\u00e1ria: Valdilson Ap. Lopes.<\/div>\n<!--[if lt IE 9]><script>document.createElement('audio');<\/script><![endif]-->\n<audio class=\"wp-audio-shortcode\" id=\"audio-32734-1\" preload=\"none\" style=\"width: 100%;\" controls=\"controls\"><source type=\"audio\/mpeg\" src=\"https:\/\/www.uninter.com\/radio\/wp-content\/uploads\/2021\/12\/transito-e-mobilidade-26_11_2021_mixagem.mp3?_=1\" \/><a href=\"https:\/\/www.uninter.com\/radio\/wp-content\/uploads\/2021\/12\/transito-e-mobilidade-26_11_2021_mixagem.mp3\">https:\/\/www.uninter.com\/radio\/wp-content\/uploads\/2021\/12\/transito-e-mobilidade-26_11_2021_mixagem.mp3<\/a><\/audio>\n","protected":false},"excerpt":{"rendered":"<p>Nesta edi\u00e7\u00e3o do programa Tr\u00e2nsito e Mobilidade n\u00f3s vamos falar sobre a Semana Municipal de&#8230;<\/p>\n","protected":false},"author":3,"featured_media":31097,"comment_status":"open","ping_status":"open","sticky":false,"template":"","format":"standard","meta":[],"categories":[2718],"tags":[],"_links":{"self":[{"href":"https:\/\/www.uninter.com\/radio\/wp-json\/wp\/v2\/posts\/32734"}],"collection":[{"href":"https:\/\/www.uninter.com\/radio\/wp-json\/wp\/v2\/posts"}],"about":[{"href":"https:\/\/www.uninter.com\/radio\/wp-json\/wp\/v2\/types\/post"}],"author":[{"embeddable":true,"href":"https:\/\/www.uninter.com\/radio\/wp-json\/wp\/v2\/users\/3"}],"replies":[{"embeddable":true,"href":"https:\/\/www.uninter.com\/radio\/wp-json\/wp\/v2\/comments?post=32734"}],"version-history":[{"count":1,"href":"https:\/\/www.uninter.com\/radio\/wp-json\/wp\/v2\/posts\/32734\/revisions"}],"predecessor-version":[{"id":32736,"href":"https:\/\/www.uninter.com\/radio\/wp-json\/wp\/v2\/posts\/32734\/revisions\/32736"}],"wp:featuredmedia":[{"embeddable":true,"href":"https:\/\/www.uninter.com\/radio\/wp-json\/wp\/v2\/media\/31097"}],"wp:attachment":[{"href":"https:\/\/www.uninter.com\/radio\/wp-json\/wp\/v2\/media?parent=32734"}],"wp:term":[{"taxonomy":"category","embeddable":true,"href":"https:\/\/www.uninter.com\/radio\/wp-json\/wp\/v2\/categories?post=32734"},{"taxonomy":"post_tag","embeddable":true,"href":"https:\/\/www.uninter.com\/radio\/wp-json\/wp\/v2\/tags?post=32734"}],"curies":[{"name":"wp","href":"https:\/\/api.w.org\/{rel}","templated":true}]}}