{"id":32716,"date":"2021-12-01T11:50:19","date_gmt":"2021-12-01T14:50:19","guid":{"rendered":"https:\/\/www.uninter.com\/radio\/?p=32716"},"modified":"2021-12-01T11:50:19","modified_gmt":"2021-12-01T14:50:19","slug":"memoria-viva-85","status":"publish","type":"post","link":"https:\/\/www.uninter.com\/radio\/memoria-viva-85","title":{"rendered":"Mem\u00f3ria Viva #85"},"content":{"rendered":"<p>O Mem\u00f3ria Viva conta um pouco da hist\u00f3ria da Gicele Wormsbecher, ela \u00e9 gestora dos polos de Rio Negro (PR) e Itai\u00f3polis (SC).<\/p>\n<!--[if lt IE 9]><script>document.createElement('audio');<\/script><![endif]-->\n<audio class=\"wp-audio-shortcode\" id=\"audio-32716-1\" preload=\"none\" style=\"width: 100%;\" controls=\"controls\"><source type=\"audio\/mpeg\" src=\"https:\/\/www.uninter.com\/radio\/wp-content\/uploads\/2021\/12\/memoria-viva-25_11_2021_mixagem.mp3?_=1\" \/><a href=\"https:\/\/www.uninter.com\/radio\/wp-content\/uploads\/2021\/12\/memoria-viva-25_11_2021_mixagem.mp3\">https:\/\/www.uninter.com\/radio\/wp-content\/uploads\/2021\/12\/memoria-viva-25_11_2021_mixagem.mp3<\/a><\/audio>\n","protected":false},"excerpt":{"rendered":"<p>O Mem\u00f3ria Viva conta um pouco da hist\u00f3ria da Gicele Wormsbecher, ela \u00e9 gestora dos&#8230;<\/p>\n","protected":false},"author":3,"featured_media":31159,"comment_status":"open","ping_status":"open","sticky":false,"template":"","format":"standard","meta":[],"categories":[2712],"tags":[],"_links":{"self":[{"href":"https:\/\/www.uninter.com\/radio\/wp-json\/wp\/v2\/posts\/32716"}],"collection":[{"href":"https:\/\/www.uninter.com\/radio\/wp-json\/wp\/v2\/posts"}],"about":[{"href":"https:\/\/www.uninter.com\/radio\/wp-json\/wp\/v2\/types\/post"}],"author":[{"embeddable":true,"href":"https:\/\/www.uninter.com\/radio\/wp-json\/wp\/v2\/users\/3"}],"replies":[{"embeddable":true,"href":"https:\/\/www.uninter.com\/radio\/wp-json\/wp\/v2\/comments?post=32716"}],"version-history":[{"count":1,"href":"https:\/\/www.uninter.com\/radio\/wp-json\/wp\/v2\/posts\/32716\/revisions"}],"predecessor-version":[{"id":32718,"href":"https:\/\/www.uninter.com\/radio\/wp-json\/wp\/v2\/posts\/32716\/revisions\/32718"}],"wp:featuredmedia":[{"embeddable":true,"href":"https:\/\/www.uninter.com\/radio\/wp-json\/wp\/v2\/media\/31159"}],"wp:attachment":[{"href":"https:\/\/www.uninter.com\/radio\/wp-json\/wp\/v2\/media?parent=32716"}],"wp:term":[{"taxonomy":"category","embeddable":true,"href":"https:\/\/www.uninter.com\/radio\/wp-json\/wp\/v2\/categories?post=32716"},{"taxonomy":"post_tag","embeddable":true,"href":"https:\/\/www.uninter.com\/radio\/wp-json\/wp\/v2\/tags?post=32716"}],"curies":[{"name":"wp","href":"https:\/\/api.w.org\/{rel}","templated":true}]}}