{"id":32707,"date":"2021-12-01T11:28:05","date_gmt":"2021-12-01T14:28:05","guid":{"rendered":"https:\/\/www.uninter.com\/radio\/?p=32707"},"modified":"2021-12-01T11:28:05","modified_gmt":"2021-12-01T14:28:05","slug":"brasil-nosso-pais-em-transformacao-50","status":"publish","type":"post","link":"https:\/\/www.uninter.com\/radio\/brasil-nosso-pais-em-transformacao-50","title":{"rendered":"Brasil: nosso pa\u00eds em transforma\u00e7\u00e3o #50"},"content":{"rendered":"<div dir=\"auto\">A educa\u00e7\u00e3o de jovens e adultos (EJA) \u00e9 um campo que engloba pr\u00e1ticas, estudos e pesquisas, legisla\u00e7\u00e3o e forma\u00e7\u00e3o. A EJA se situa numa \u00e1rea mais ampla reconhecida internacionalmente como Educa\u00e7\u00e3o de Adultos.<\/div>\n<div dir=\"auto\">Vamos falar sobre os desafios e perspectivas desta \u00e1rea no Brasil: nosso pa\u00eds em transforma\u00e7\u00e3o e para isso, recebemos as professoras Patr\u00edcia Carla Ferreira e Sandra Lopes.<\/div>\n<!--[if lt IE 9]><script>document.createElement('audio');<\/script><![endif]-->\n<audio class=\"wp-audio-shortcode\" id=\"audio-32707-1\" preload=\"none\" style=\"width: 100%;\" controls=\"controls\"><source type=\"audio\/mpeg\" src=\"https:\/\/www.uninter.com\/radio\/wp-content\/uploads\/2021\/12\/brasil-23_11_2021_mixagem.mp3?_=1\" \/><a href=\"https:\/\/www.uninter.com\/radio\/wp-content\/uploads\/2021\/12\/brasil-23_11_2021_mixagem.mp3\">https:\/\/www.uninter.com\/radio\/wp-content\/uploads\/2021\/12\/brasil-23_11_2021_mixagem.mp3<\/a><\/audio>\n","protected":false},"excerpt":{"rendered":"<p>A educa\u00e7\u00e3o de jovens e adultos (EJA) \u00e9 um campo que engloba pr\u00e1ticas, estudos e&#8230;<\/p>\n","protected":false},"author":3,"featured_media":30512,"comment_status":"open","ping_status":"open","sticky":false,"template":"","format":"standard","meta":[],"categories":[2717],"tags":[],"_links":{"self":[{"href":"https:\/\/www.uninter.com\/radio\/wp-json\/wp\/v2\/posts\/32707"}],"collection":[{"href":"https:\/\/www.uninter.com\/radio\/wp-json\/wp\/v2\/posts"}],"about":[{"href":"https:\/\/www.uninter.com\/radio\/wp-json\/wp\/v2\/types\/post"}],"author":[{"embeddable":true,"href":"https:\/\/www.uninter.com\/radio\/wp-json\/wp\/v2\/users\/3"}],"replies":[{"embeddable":true,"href":"https:\/\/www.uninter.com\/radio\/wp-json\/wp\/v2\/comments?post=32707"}],"version-history":[{"count":1,"href":"https:\/\/www.uninter.com\/radio\/wp-json\/wp\/v2\/posts\/32707\/revisions"}],"predecessor-version":[{"id":32709,"href":"https:\/\/www.uninter.com\/radio\/wp-json\/wp\/v2\/posts\/32707\/revisions\/32709"}],"wp:featuredmedia":[{"embeddable":true,"href":"https:\/\/www.uninter.com\/radio\/wp-json\/wp\/v2\/media\/30512"}],"wp:attachment":[{"href":"https:\/\/www.uninter.com\/radio\/wp-json\/wp\/v2\/media?parent=32707"}],"wp:term":[{"taxonomy":"category","embeddable":true,"href":"https:\/\/www.uninter.com\/radio\/wp-json\/wp\/v2\/categories?post=32707"},{"taxonomy":"post_tag","embeddable":true,"href":"https:\/\/www.uninter.com\/radio\/wp-json\/wp\/v2\/tags?post=32707"}],"curies":[{"name":"wp","href":"https:\/\/api.w.org\/{rel}","templated":true}]}}