{"id":32637,"date":"2021-11-22T13:37:26","date_gmt":"2021-11-22T16:37:26","guid":{"rendered":"https:\/\/www.uninter.com\/radio\/?p=32637"},"modified":"2021-11-22T13:37:26","modified_gmt":"2021-11-22T16:37:26","slug":"diversos-da-pos-46","status":"publish","type":"post","link":"https:\/\/www.uninter.com\/radio\/diversos-da-pos-46","title":{"rendered":"Diversos da P\u00f3s #46"},"content":{"rendered":"<div dir=\"auto\">Estamos no m\u00eas de conscientiza\u00e7\u00e3o sobre a import\u00e2ncia do diagn\u00f3stico precoce do c\u00e2ncer de pr\u00f3stata, e o Diversos da P\u00f3s fala sobre o novembro azul.<\/div>\n<div dir=\"auto\">Para a conversa, recebemos o professor Alisson David Silva, com media\u00e7\u00e3o de Joice Diaz, Willian Sales e Jos\u00e9 Benedito Caparros Junior.<\/div>\n<!--[if lt IE 9]><script>document.createElement('audio');<\/script><![endif]-->\n<audio class=\"wp-audio-shortcode\" id=\"audio-32637-1\" preload=\"none\" style=\"width: 100%;\" controls=\"controls\"><source type=\"audio\/mpeg\" src=\"https:\/\/www.uninter.com\/radio\/wp-content\/uploads\/2021\/11\/diversos-da-p\u00f3s-11_11_2021_mixagem.mp3?_=1\" \/><a href=\"https:\/\/www.uninter.com\/radio\/wp-content\/uploads\/2021\/11\/diversos-da-p\u00f3s-11_11_2021_mixagem.mp3\">https:\/\/www.uninter.com\/radio\/wp-content\/uploads\/2021\/11\/diversos-da-p\u00f3s-11_11_2021_mixagem.mp3<\/a><\/audio>\n","protected":false},"excerpt":{"rendered":"<p>Estamos no m\u00eas de conscientiza\u00e7\u00e3o sobre a import\u00e2ncia do diagn\u00f3stico precoce do c\u00e2ncer de pr\u00f3stata,&#8230;<\/p>\n","protected":false},"author":3,"featured_media":31180,"comment_status":"open","ping_status":"open","sticky":false,"template":"","format":"standard","meta":[],"categories":[2704],"tags":[],"_links":{"self":[{"href":"https:\/\/www.uninter.com\/radio\/wp-json\/wp\/v2\/posts\/32637"}],"collection":[{"href":"https:\/\/www.uninter.com\/radio\/wp-json\/wp\/v2\/posts"}],"about":[{"href":"https:\/\/www.uninter.com\/radio\/wp-json\/wp\/v2\/types\/post"}],"author":[{"embeddable":true,"href":"https:\/\/www.uninter.com\/radio\/wp-json\/wp\/v2\/users\/3"}],"replies":[{"embeddable":true,"href":"https:\/\/www.uninter.com\/radio\/wp-json\/wp\/v2\/comments?post=32637"}],"version-history":[{"count":1,"href":"https:\/\/www.uninter.com\/radio\/wp-json\/wp\/v2\/posts\/32637\/revisions"}],"predecessor-version":[{"id":32639,"href":"https:\/\/www.uninter.com\/radio\/wp-json\/wp\/v2\/posts\/32637\/revisions\/32639"}],"wp:featuredmedia":[{"embeddable":true,"href":"https:\/\/www.uninter.com\/radio\/wp-json\/wp\/v2\/media\/31180"}],"wp:attachment":[{"href":"https:\/\/www.uninter.com\/radio\/wp-json\/wp\/v2\/media?parent=32637"}],"wp:term":[{"taxonomy":"category","embeddable":true,"href":"https:\/\/www.uninter.com\/radio\/wp-json\/wp\/v2\/categories?post=32637"},{"taxonomy":"post_tag","embeddable":true,"href":"https:\/\/www.uninter.com\/radio\/wp-json\/wp\/v2\/tags?post=32637"}],"curies":[{"name":"wp","href":"https:\/\/api.w.org\/{rel}","templated":true}]}}