{"id":32579,"date":"2021-11-10T10:42:18","date_gmt":"2021-11-10T13:42:18","guid":{"rendered":"https:\/\/www.uninter.com\/radio\/?p=32579"},"modified":"2021-11-10T10:42:18","modified_gmt":"2021-11-10T13:42:18","slug":"memoria-viva-82","status":"publish","type":"post","link":"https:\/\/www.uninter.com\/radio\/memoria-viva-82","title":{"rendered":"Mem\u00f3ria Viva #82"},"content":{"rendered":"<p>Nesta edi\u00e7\u00e3o do Mem\u00f3ria Viva, vamos saber um pouco sobre a historia do novo diretor da Escola de Sa\u00fade, Bioci\u00eancias, Meio Ambiente e Humanidades da Uninter, Cristiano Cavei\u00e3o.<\/p>\n<!--[if lt IE 9]><script>document.createElement('audio');<\/script><![endif]-->\n<audio class=\"wp-audio-shortcode\" id=\"audio-32579-1\" preload=\"none\" style=\"width: 100%;\" controls=\"controls\"><source type=\"audio\/mpeg\" src=\"https:\/\/www.uninter.com\/radio\/wp-content\/uploads\/2021\/11\/memoria-viva-04_11_2021_mixagem.mp3?_=1\" \/><a href=\"https:\/\/www.uninter.com\/radio\/wp-content\/uploads\/2021\/11\/memoria-viva-04_11_2021_mixagem.mp3\">https:\/\/www.uninter.com\/radio\/wp-content\/uploads\/2021\/11\/memoria-viva-04_11_2021_mixagem.mp3<\/a><\/audio>\n","protected":false},"excerpt":{"rendered":"<p>Nesta edi\u00e7\u00e3o do Mem\u00f3ria Viva, vamos saber um pouco sobre a historia do novo diretor&#8230;<\/p>\n","protected":false},"author":3,"featured_media":31159,"comment_status":"open","ping_status":"open","sticky":false,"template":"","format":"standard","meta":[],"categories":[2712],"tags":[],"_links":{"self":[{"href":"https:\/\/www.uninter.com\/radio\/wp-json\/wp\/v2\/posts\/32579"}],"collection":[{"href":"https:\/\/www.uninter.com\/radio\/wp-json\/wp\/v2\/posts"}],"about":[{"href":"https:\/\/www.uninter.com\/radio\/wp-json\/wp\/v2\/types\/post"}],"author":[{"embeddable":true,"href":"https:\/\/www.uninter.com\/radio\/wp-json\/wp\/v2\/users\/3"}],"replies":[{"embeddable":true,"href":"https:\/\/www.uninter.com\/radio\/wp-json\/wp\/v2\/comments?post=32579"}],"version-history":[{"count":1,"href":"https:\/\/www.uninter.com\/radio\/wp-json\/wp\/v2\/posts\/32579\/revisions"}],"predecessor-version":[{"id":32581,"href":"https:\/\/www.uninter.com\/radio\/wp-json\/wp\/v2\/posts\/32579\/revisions\/32581"}],"wp:featuredmedia":[{"embeddable":true,"href":"https:\/\/www.uninter.com\/radio\/wp-json\/wp\/v2\/media\/31159"}],"wp:attachment":[{"href":"https:\/\/www.uninter.com\/radio\/wp-json\/wp\/v2\/media?parent=32579"}],"wp:term":[{"taxonomy":"category","embeddable":true,"href":"https:\/\/www.uninter.com\/radio\/wp-json\/wp\/v2\/categories?post=32579"},{"taxonomy":"post_tag","embeddable":true,"href":"https:\/\/www.uninter.com\/radio\/wp-json\/wp\/v2\/tags?post=32579"}],"curies":[{"name":"wp","href":"https:\/\/api.w.org\/{rel}","templated":true}]}}