{"id":32552,"date":"2021-11-04T13:59:13","date_gmt":"2021-11-04T16:59:13","guid":{"rendered":"https:\/\/www.uninter.com\/radio\/?p=32552"},"modified":"2021-11-04T13:59:13","modified_gmt":"2021-11-04T16:59:13","slug":"conversa-com-o-reitor-72","status":"publish","type":"post","link":"https:\/\/www.uninter.com\/radio\/conversa-com-o-reitor-72","title":{"rendered":"Conversa com o Reitor #72"},"content":{"rendered":"<div dir=\"auto\">O departamento financeiro \u00e9 o setor respons\u00e1vel pela administra\u00e7\u00e3o dos recursos financeiros da empresa, e aqui na Uninter ele \u00e9 liderado por pessoas de extrema compet\u00eancia e confian\u00e7a.<\/div>\n<div dir=\"auto\">Vamos conhecer um pouco desta \u00e1rea no Conversa com o Reitor e para a conversa, Benhur Gaio recebe Anderson Adorno, gerente de controladoria; F\u00e1bio Klimavicios, gerente financeiro; Daniel Bitencourt, coordenador de informa\u00e7\u00f5es gerenciais e Marlene Pazetto Telles, diretora financeira.<\/div>\n<!--[if lt IE 9]><script>document.createElement('audio');<\/script><![endif]-->\n<audio class=\"wp-audio-shortcode\" id=\"audio-32552-1\" preload=\"none\" style=\"width: 100%;\" controls=\"controls\"><source type=\"audio\/mpeg\" src=\"https:\/\/www.uninter.com\/radio\/wp-content\/uploads\/2021\/11\/conversa-com-o-reitor-29_10_2021_mixdown-online-audio-converter.com_.mp3?_=1\" \/><a href=\"https:\/\/www.uninter.com\/radio\/wp-content\/uploads\/2021\/11\/conversa-com-o-reitor-29_10_2021_mixdown-online-audio-converter.com_.mp3\">https:\/\/www.uninter.com\/radio\/wp-content\/uploads\/2021\/11\/conversa-com-o-reitor-29_10_2021_mixdown-online-audio-converter.com_.mp3<\/a><\/audio>\n","protected":false},"excerpt":{"rendered":"<p>O departamento financeiro \u00e9 o setor respons\u00e1vel pela administra\u00e7\u00e3o dos recursos financeiros da empresa, e&#8230;<\/p>\n","protected":false},"author":3,"featured_media":31088,"comment_status":"open","ping_status":"open","sticky":false,"template":"","format":"standard","meta":[],"categories":[2724],"tags":[],"_links":{"self":[{"href":"https:\/\/www.uninter.com\/radio\/wp-json\/wp\/v2\/posts\/32552"}],"collection":[{"href":"https:\/\/www.uninter.com\/radio\/wp-json\/wp\/v2\/posts"}],"about":[{"href":"https:\/\/www.uninter.com\/radio\/wp-json\/wp\/v2\/types\/post"}],"author":[{"embeddable":true,"href":"https:\/\/www.uninter.com\/radio\/wp-json\/wp\/v2\/users\/3"}],"replies":[{"embeddable":true,"href":"https:\/\/www.uninter.com\/radio\/wp-json\/wp\/v2\/comments?post=32552"}],"version-history":[{"count":1,"href":"https:\/\/www.uninter.com\/radio\/wp-json\/wp\/v2\/posts\/32552\/revisions"}],"predecessor-version":[{"id":32554,"href":"https:\/\/www.uninter.com\/radio\/wp-json\/wp\/v2\/posts\/32552\/revisions\/32554"}],"wp:featuredmedia":[{"embeddable":true,"href":"https:\/\/www.uninter.com\/radio\/wp-json\/wp\/v2\/media\/31088"}],"wp:attachment":[{"href":"https:\/\/www.uninter.com\/radio\/wp-json\/wp\/v2\/media?parent=32552"}],"wp:term":[{"taxonomy":"category","embeddable":true,"href":"https:\/\/www.uninter.com\/radio\/wp-json\/wp\/v2\/categories?post=32552"},{"taxonomy":"post_tag","embeddable":true,"href":"https:\/\/www.uninter.com\/radio\/wp-json\/wp\/v2\/tags?post=32552"}],"curies":[{"name":"wp","href":"https:\/\/api.w.org\/{rel}","templated":true}]}}