{"id":32539,"date":"2021-11-03T16:58:35","date_gmt":"2021-11-03T19:58:35","guid":{"rendered":"https:\/\/www.uninter.com\/radio\/?p=32539"},"modified":"2021-11-03T16:58:35","modified_gmt":"2021-11-03T19:58:35","slug":"memoria-viva-81","status":"publish","type":"post","link":"https:\/\/www.uninter.com\/radio\/memoria-viva-81","title":{"rendered":"Mem\u00f3ria Viva #81"},"content":{"rendered":"<p>No Mem\u00f3ria Viva vamos conhecer a hist\u00f3ria do Celso Giancarlo de Mazo, professor e coordenador de extens\u00e3o e assuntos comunit\u00e1rios.<\/p>\n<!--[if lt IE 9]><script>document.createElement('audio');<\/script><![endif]-->\n<audio class=\"wp-audio-shortcode\" id=\"audio-32539-1\" preload=\"none\" style=\"width: 100%;\" controls=\"controls\"><source type=\"audio\/mpeg\" src=\"https:\/\/www.uninter.com\/radio\/wp-content\/uploads\/2021\/11\/memoria-viva-28_10_2021_mixdown.mp3?_=1\" \/><a href=\"https:\/\/www.uninter.com\/radio\/wp-content\/uploads\/2021\/11\/memoria-viva-28_10_2021_mixdown.mp3\">https:\/\/www.uninter.com\/radio\/wp-content\/uploads\/2021\/11\/memoria-viva-28_10_2021_mixdown.mp3<\/a><\/audio>\n","protected":false},"excerpt":{"rendered":"<p>No Mem\u00f3ria Viva vamos conhecer a hist\u00f3ria do Celso Giancarlo de Mazo, professor e coordenador&#8230;<\/p>\n","protected":false},"author":3,"featured_media":31159,"comment_status":"open","ping_status":"open","sticky":false,"template":"","format":"standard","meta":[],"categories":[2712],"tags":[],"_links":{"self":[{"href":"https:\/\/www.uninter.com\/radio\/wp-json\/wp\/v2\/posts\/32539"}],"collection":[{"href":"https:\/\/www.uninter.com\/radio\/wp-json\/wp\/v2\/posts"}],"about":[{"href":"https:\/\/www.uninter.com\/radio\/wp-json\/wp\/v2\/types\/post"}],"author":[{"embeddable":true,"href":"https:\/\/www.uninter.com\/radio\/wp-json\/wp\/v2\/users\/3"}],"replies":[{"embeddable":true,"href":"https:\/\/www.uninter.com\/radio\/wp-json\/wp\/v2\/comments?post=32539"}],"version-history":[{"count":1,"href":"https:\/\/www.uninter.com\/radio\/wp-json\/wp\/v2\/posts\/32539\/revisions"}],"predecessor-version":[{"id":32541,"href":"https:\/\/www.uninter.com\/radio\/wp-json\/wp\/v2\/posts\/32539\/revisions\/32541"}],"wp:featuredmedia":[{"embeddable":true,"href":"https:\/\/www.uninter.com\/radio\/wp-json\/wp\/v2\/media\/31159"}],"wp:attachment":[{"href":"https:\/\/www.uninter.com\/radio\/wp-json\/wp\/v2\/media?parent=32539"}],"wp:term":[{"taxonomy":"category","embeddable":true,"href":"https:\/\/www.uninter.com\/radio\/wp-json\/wp\/v2\/categories?post=32539"},{"taxonomy":"post_tag","embeddable":true,"href":"https:\/\/www.uninter.com\/radio\/wp-json\/wp\/v2\/tags?post=32539"}],"curies":[{"name":"wp","href":"https:\/\/api.w.org\/{rel}","templated":true}]}}