{"id":32515,"date":"2021-11-03T16:08:00","date_gmt":"2021-11-03T19:08:00","guid":{"rendered":"https:\/\/www.uninter.com\/radio\/?p=32515"},"modified":"2021-11-03T16:08:00","modified_gmt":"2021-11-03T19:08:00","slug":"sua-saude-83-edicao-especial","status":"publish","type":"post","link":"https:\/\/www.uninter.com\/radio\/sua-saude-83-edicao-especial","title":{"rendered":"Sua Sa\u00fade #83 (edi\u00e7\u00e3o especial)"},"content":{"rendered":"<div class=\"osnr6wyh\">\n<div class=\"j83agx80 cbu4d94t mysgfdmx hddg9phg\">\n<div class=\"w0hvl6rk qjjbsfad\"><span class=\"d2edcug0 hpfvmrgz qv66sw1b c1et5uql lr9zc1uh a8c37x1j keod5gw0 nxhoafnm aigsh9s9 ns63r2gh fe6kdd0r mau55g9w c8b282yb rwim8176 o3w64lxj b2s5l15y hnhda86s oo9gr5id hzawbc8m\" dir=\"auto\"><span class=\"a8c37x1j ni8dbmo4 stjgntxs l9j0dhe7 r8blr3vg\">c\u00e2ncer de mama<\/span><\/span><\/div>\n<\/div>\n<\/div>\n<div>\n<div class=\"e5nlhep0 nu4hu5il eg9m0zos\">\n<div class=\"kvgmc6g5 cxmmr5t8 oygrvhab hcukyx3x c1et5uql\">\n<div dir=\"auto\">Outubro \u00e9 o m\u00eas de campanha de preven\u00e7\u00e3o ao c\u00e2ncer de mama, e nesta edi\u00e7\u00e3o espacial do Sua Sa\u00fade sobre falar sobre isso e tamb\u00e9m sobre amamenta\u00e7\u00e3o.<\/div>\n<div dir=\"auto\">Para a conversa contamos com a presen\u00e7a de Profa. Carolina Belomo de Souza e Profa. Maria Caroline Waldrigues.<\/div>\n<\/div>\n<\/div>\n<\/div>\n<!--[if lt IE 9]><script>document.createElement('audio');<\/script><![endif]-->\n<audio class=\"wp-audio-shortcode\" id=\"audio-32515-1\" preload=\"none\" style=\"width: 100%;\" controls=\"controls\"><source type=\"audio\/mpeg\" src=\"https:\/\/www.uninter.com\/radio\/wp-content\/uploads\/2021\/11\/sua-saude-25_10_2021_mixdown-online-audio-converter.com_.mp3?_=1\" \/><a href=\"https:\/\/www.uninter.com\/radio\/wp-content\/uploads\/2021\/11\/sua-saude-25_10_2021_mixdown-online-audio-converter.com_.mp3\">https:\/\/www.uninter.com\/radio\/wp-content\/uploads\/2021\/11\/sua-saude-25_10_2021_mixdown-online-audio-converter.com_.mp3<\/a><\/audio>\n","protected":false},"excerpt":{"rendered":"<p>c\u00e2ncer de mama Outubro \u00e9 o m\u00eas de campanha de preven\u00e7\u00e3o ao c\u00e2ncer de mama,&#8230;<\/p>\n","protected":false},"author":3,"featured_media":31131,"comment_status":"open","ping_status":"open","sticky":false,"template":"","format":"standard","meta":[],"categories":[2716],"tags":[],"_links":{"self":[{"href":"https:\/\/www.uninter.com\/radio\/wp-json\/wp\/v2\/posts\/32515"}],"collection":[{"href":"https:\/\/www.uninter.com\/radio\/wp-json\/wp\/v2\/posts"}],"about":[{"href":"https:\/\/www.uninter.com\/radio\/wp-json\/wp\/v2\/types\/post"}],"author":[{"embeddable":true,"href":"https:\/\/www.uninter.com\/radio\/wp-json\/wp\/v2\/users\/3"}],"replies":[{"embeddable":true,"href":"https:\/\/www.uninter.com\/radio\/wp-json\/wp\/v2\/comments?post=32515"}],"version-history":[{"count":1,"href":"https:\/\/www.uninter.com\/radio\/wp-json\/wp\/v2\/posts\/32515\/revisions"}],"predecessor-version":[{"id":32517,"href":"https:\/\/www.uninter.com\/radio\/wp-json\/wp\/v2\/posts\/32515\/revisions\/32517"}],"wp:featuredmedia":[{"embeddable":true,"href":"https:\/\/www.uninter.com\/radio\/wp-json\/wp\/v2\/media\/31131"}],"wp:attachment":[{"href":"https:\/\/www.uninter.com\/radio\/wp-json\/wp\/v2\/media?parent=32515"}],"wp:term":[{"taxonomy":"category","embeddable":true,"href":"https:\/\/www.uninter.com\/radio\/wp-json\/wp\/v2\/categories?post=32515"},{"taxonomy":"post_tag","embeddable":true,"href":"https:\/\/www.uninter.com\/radio\/wp-json\/wp\/v2\/tags?post=32515"}],"curies":[{"name":"wp","href":"https:\/\/api.w.org\/{rel}","templated":true}]}}