{"id":32508,"date":"2021-10-27T14:36:21","date_gmt":"2021-10-27T17:36:21","guid":{"rendered":"https:\/\/www.uninter.com\/radio\/?p=32508"},"modified":"2021-10-27T14:36:21","modified_gmt":"2021-10-27T17:36:21","slug":"uninter-informa-12-2021","status":"publish","type":"post","link":"https:\/\/www.uninter.com\/radio\/uninter-informa-12-2021","title":{"rendered":"Uninter Informa #12.2021"},"content":{"rendered":"<p id=\"viewer-9mdp7\" class=\"mm8Nw _1j-51 _1atvN _1FoOD _3M0Fe _2WrB- _1atvN public-DraftStyleDefault-block-depth0 public-DraftStyleDefault-text-ltr\"><span class=\"_2PHJq public-DraftStyleDefault-ltr\">Est\u00e1 dispon\u00edvel a edi\u00e7\u00e3o do r\u00e1diojornal laborat\u00f3rio Uninter Informa. Apresentado por Marcel Oliveira, o jornal traz quatro reportagens e quadros com temas atuais.<\/span><\/p>\n<div data-hook=\"rcv-block4\">A rep\u00f3rter Allana Dela Possa traz as motiva\u00e7\u00f5es e desafios para os brasileiros que deixaram o pa\u00eds para viver no exterior, n\u00famero que bateu recorde. Renata Cristina aborda a volta do p\u00fablico do campeonato brasileiro, o que n\u00e3o ocorria desde dezembro de 2019. Al\u00e9m disso, Paulo Pess\u00f4a mostra mais sobre o Metaverso, criado pelo Facebook, novo ambiente que pode alterar o modo como as pessoas se comunicam e interagem. Por fim, a reportagem de Paulo Tadeu fala sobre a lei contra maus tratos de animais, que apesar de sancionada em setembro de 2020, ainda n\u00e3o resolveu muitos dos problemas de vulnerabilidade.<\/div>\n<!--[if lt IE 9]><script>document.createElement('audio');<\/script><![endif]-->\n<audio class=\"wp-audio-shortcode\" id=\"audio-32508-1\" preload=\"none\" style=\"width: 100%;\" controls=\"controls\"><source type=\"audio\/mpeg\" src=\"https:\/\/www.uninter.com\/radio\/wp-content\/uploads\/2021\/10\/UI22-10-2021_mixagem.mp3?_=1\" \/><a href=\"https:\/\/www.uninter.com\/radio\/wp-content\/uploads\/2021\/10\/UI22-10-2021_mixagem.mp3\">https:\/\/www.uninter.com\/radio\/wp-content\/uploads\/2021\/10\/UI22-10-2021_mixagem.mp3<\/a><\/audio>\n","protected":false},"excerpt":{"rendered":"<p>Est\u00e1 dispon\u00edvel a edi\u00e7\u00e3o do r\u00e1diojornal laborat\u00f3rio Uninter Informa. Apresentado por Marcel Oliveira, o jornal&#8230;<\/p>\n","protected":false},"author":3,"featured_media":31197,"comment_status":"open","ping_status":"open","sticky":false,"template":"","format":"standard","meta":[],"categories":[2747],"tags":[],"_links":{"self":[{"href":"https:\/\/www.uninter.com\/radio\/wp-json\/wp\/v2\/posts\/32508"}],"collection":[{"href":"https:\/\/www.uninter.com\/radio\/wp-json\/wp\/v2\/posts"}],"about":[{"href":"https:\/\/www.uninter.com\/radio\/wp-json\/wp\/v2\/types\/post"}],"author":[{"embeddable":true,"href":"https:\/\/www.uninter.com\/radio\/wp-json\/wp\/v2\/users\/3"}],"replies":[{"embeddable":true,"href":"https:\/\/www.uninter.com\/radio\/wp-json\/wp\/v2\/comments?post=32508"}],"version-history":[{"count":1,"href":"https:\/\/www.uninter.com\/radio\/wp-json\/wp\/v2\/posts\/32508\/revisions"}],"predecessor-version":[{"id":32510,"href":"https:\/\/www.uninter.com\/radio\/wp-json\/wp\/v2\/posts\/32508\/revisions\/32510"}],"wp:featuredmedia":[{"embeddable":true,"href":"https:\/\/www.uninter.com\/radio\/wp-json\/wp\/v2\/media\/31197"}],"wp:attachment":[{"href":"https:\/\/www.uninter.com\/radio\/wp-json\/wp\/v2\/media?parent=32508"}],"wp:term":[{"taxonomy":"category","embeddable":true,"href":"https:\/\/www.uninter.com\/radio\/wp-json\/wp\/v2\/categories?post=32508"},{"taxonomy":"post_tag","embeddable":true,"href":"https:\/\/www.uninter.com\/radio\/wp-json\/wp\/v2\/tags?post=32508"}],"curies":[{"name":"wp","href":"https:\/\/api.w.org\/{rel}","templated":true}]}}