{"id":32495,"date":"2021-10-27T12:28:27","date_gmt":"2021-10-27T15:28:27","guid":{"rendered":"https:\/\/www.uninter.com\/radio\/?p=32495"},"modified":"2021-10-27T12:28:27","modified_gmt":"2021-10-27T15:28:27","slug":"conversa-com-o-reitor-71","status":"publish","type":"post","link":"https:\/\/www.uninter.com\/radio\/conversa-com-o-reitor-71","title":{"rendered":"Conversa com o Reitor #71"},"content":{"rendered":"<div dir=\"auto\">Dos dias 25 a 28 de outubro de2021 tivemos a III Jornada Acad\u00eamica virtual para Polos Uninter, que vai debater os contextos e efeitos que a Covid-19 gerou nos cen\u00e1rios sociais.<\/div>\n<div dir=\"auto\">Para falar sobre o assunto, Benhur Gaio recebe no Conversa com o Reitor a coordenadora de opera\u00e7\u00f5es acad\u00eamicas da Escola de Polos, Francieli Castro, e a professora do Programa de P\u00f3s-Gradua\u00e7\u00e3o Stricto Sensu &#8211; Mestrado e Doutorado &#8211; Profissional em Educa\u00e7\u00e3o e Novas Tecnologias, Luana Priscila Wunsch.<\/div>\n<!--[if lt IE 9]><script>document.createElement('audio');<\/script><![endif]-->\n<audio class=\"wp-audio-shortcode\" id=\"audio-32495-1\" preload=\"none\" style=\"width: 100%;\" controls=\"controls\"><source type=\"audio\/mpeg\" src=\"https:\/\/www.uninter.com\/radio\/wp-content\/uploads\/2021\/10\/conversa-com-o-reitor-22_10_2021_mixagem.mp3?_=1\" \/><a href=\"https:\/\/www.uninter.com\/radio\/wp-content\/uploads\/2021\/10\/conversa-com-o-reitor-22_10_2021_mixagem.mp3\">https:\/\/www.uninter.com\/radio\/wp-content\/uploads\/2021\/10\/conversa-com-o-reitor-22_10_2021_mixagem.mp3<\/a><\/audio>\n","protected":false},"excerpt":{"rendered":"<p>Dos dias 25 a 28 de outubro de2021 tivemos a III Jornada Acad\u00eamica virtual para&#8230;<\/p>\n","protected":false},"author":3,"featured_media":31088,"comment_status":"open","ping_status":"open","sticky":false,"template":"","format":"standard","meta":[],"categories":[2724],"tags":[],"_links":{"self":[{"href":"https:\/\/www.uninter.com\/radio\/wp-json\/wp\/v2\/posts\/32495"}],"collection":[{"href":"https:\/\/www.uninter.com\/radio\/wp-json\/wp\/v2\/posts"}],"about":[{"href":"https:\/\/www.uninter.com\/radio\/wp-json\/wp\/v2\/types\/post"}],"author":[{"embeddable":true,"href":"https:\/\/www.uninter.com\/radio\/wp-json\/wp\/v2\/users\/3"}],"replies":[{"embeddable":true,"href":"https:\/\/www.uninter.com\/radio\/wp-json\/wp\/v2\/comments?post=32495"}],"version-history":[{"count":1,"href":"https:\/\/www.uninter.com\/radio\/wp-json\/wp\/v2\/posts\/32495\/revisions"}],"predecessor-version":[{"id":32497,"href":"https:\/\/www.uninter.com\/radio\/wp-json\/wp\/v2\/posts\/32495\/revisions\/32497"}],"wp:featuredmedia":[{"embeddable":true,"href":"https:\/\/www.uninter.com\/radio\/wp-json\/wp\/v2\/media\/31088"}],"wp:attachment":[{"href":"https:\/\/www.uninter.com\/radio\/wp-json\/wp\/v2\/media?parent=32495"}],"wp:term":[{"taxonomy":"category","embeddable":true,"href":"https:\/\/www.uninter.com\/radio\/wp-json\/wp\/v2\/categories?post=32495"},{"taxonomy":"post_tag","embeddable":true,"href":"https:\/\/www.uninter.com\/radio\/wp-json\/wp\/v2\/tags?post=32495"}],"curies":[{"name":"wp","href":"https:\/\/api.w.org\/{rel}","templated":true}]}}