{"id":32463,"date":"2021-10-27T11:38:22","date_gmt":"2021-10-27T14:38:22","guid":{"rendered":"https:\/\/www.uninter.com\/radio\/?p=32463"},"modified":"2021-10-27T11:38:22","modified_gmt":"2021-10-27T14:38:22","slug":"segredos-da-arquitetura-41","status":"publish","type":"post","link":"https:\/\/www.uninter.com\/radio\/segredos-da-arquitetura-41","title":{"rendered":"Segredos da Arquitetura #41"},"content":{"rendered":"<div class=\"e5nlhep0 nu4hu5il eg9m0zos\">\n<div class=\"kvgmc6g5 cxmmr5t8 oygrvhab hcukyx3x c1et5uql\">\n<div dir=\"auto\">Voc\u00ea sabia que os profissionais de arquitetura e design devem desenvolver a sua presen\u00e7a digital, principalmente no que se refere a como as pessoas \u00e0s veem?<\/div>\n<div dir=\"auto\">Neste sentido, em meio a um mundo que est\u00e1 se digitalizando rapidamente, \u00e9 necess\u00e1rio que os profissionais gerenciem seu marketing pessoal.<\/div>\n<div dir=\"auto\">Este \u00e9 o tema deste epis\u00f3dio do Segredos da Arquitetura, e o bate-papo conta com a presen\u00e7a de Elizeu Alves e Giselle Dziura.<\/div>\n<div dir=\"auto\">Acompanhe!<\/div>\n<\/div>\n<\/div>\n<div class=\"aahdfvyu\"><\/div>\n<!--[if lt IE 9]><script>document.createElement('audio');<\/script><![endif]-->\n<audio class=\"wp-audio-shortcode\" id=\"audio-32463-1\" preload=\"none\" style=\"width: 100%;\" controls=\"controls\"><source type=\"audio\/mpeg\" src=\"https:\/\/www.uninter.com\/radio\/wp-content\/uploads\/2021\/10\/segredos-da-arquitetura-18_10_2021_mixagem.mp3?_=1\" \/><a href=\"https:\/\/www.uninter.com\/radio\/wp-content\/uploads\/2021\/10\/segredos-da-arquitetura-18_10_2021_mixagem.mp3\">https:\/\/www.uninter.com\/radio\/wp-content\/uploads\/2021\/10\/segredos-da-arquitetura-18_10_2021_mixagem.mp3<\/a><\/audio>\n","protected":false},"excerpt":{"rendered":"<p>Voc\u00ea sabia que os profissionais de arquitetura e design devem desenvolver a sua presen\u00e7a digital,&#8230;<\/p>\n","protected":false},"author":3,"featured_media":35326,"comment_status":"open","ping_status":"open","sticky":false,"template":"","format":"standard","meta":[],"categories":[2709],"tags":[],"_links":{"self":[{"href":"https:\/\/www.uninter.com\/radio\/wp-json\/wp\/v2\/posts\/32463"}],"collection":[{"href":"https:\/\/www.uninter.com\/radio\/wp-json\/wp\/v2\/posts"}],"about":[{"href":"https:\/\/www.uninter.com\/radio\/wp-json\/wp\/v2\/types\/post"}],"author":[{"embeddable":true,"href":"https:\/\/www.uninter.com\/radio\/wp-json\/wp\/v2\/users\/3"}],"replies":[{"embeddable":true,"href":"https:\/\/www.uninter.com\/radio\/wp-json\/wp\/v2\/comments?post=32463"}],"version-history":[{"count":1,"href":"https:\/\/www.uninter.com\/radio\/wp-json\/wp\/v2\/posts\/32463\/revisions"}],"predecessor-version":[{"id":32465,"href":"https:\/\/www.uninter.com\/radio\/wp-json\/wp\/v2\/posts\/32463\/revisions\/32465"}],"wp:featuredmedia":[{"embeddable":true,"href":"https:\/\/www.uninter.com\/radio\/wp-json\/wp\/v2\/media\/35326"}],"wp:attachment":[{"href":"https:\/\/www.uninter.com\/radio\/wp-json\/wp\/v2\/media?parent=32463"}],"wp:term":[{"taxonomy":"category","embeddable":true,"href":"https:\/\/www.uninter.com\/radio\/wp-json\/wp\/v2\/categories?post=32463"},{"taxonomy":"post_tag","embeddable":true,"href":"https:\/\/www.uninter.com\/radio\/wp-json\/wp\/v2\/tags?post=32463"}],"curies":[{"name":"wp","href":"https:\/\/api.w.org\/{rel}","templated":true}]}}