{"id":32448,"date":"2021-10-27T11:16:27","date_gmt":"2021-10-27T14:16:27","guid":{"rendered":"https:\/\/www.uninter.com\/radio\/?p=32448"},"modified":"2021-10-27T11:16:27","modified_gmt":"2021-10-27T14:16:27","slug":"chave-interdisciplinar-60","status":"publish","type":"post","link":"https:\/\/www.uninter.com\/radio\/chave-interdisciplinar-60","title":{"rendered":"Chave Interdisciplinar #60"},"content":{"rendered":"<div dir=\"auto\">Nesta edi\u00e7\u00e3o do Chave Interdisciplinar vamos refletir sobre os desafios e as possibilidades com que o ambiente digital est\u00e1 inserido na vida da crian\u00e7a, seja no aprendizado e no momento de lazer. Al\u00e9m disso, sensibilizar a fam\u00edlia e a escola sobre as contribui\u00e7\u00f5es do mundo digital na forma\u00e7\u00e3o integral da crian\u00e7a.<\/div>\n<div dir=\"auto\">Contamos com a presen\u00e7a de Me. S\u00f4nia Radvanskei, Me. Viviane Schueda e Dra. Gisele do Rocio Cordeiro.<\/div>\n<div dir=\"auto\">Acompanhe!<\/div>\n<!--[if lt IE 9]><script>document.createElement('audio');<\/script><![endif]-->\n<audio class=\"wp-audio-shortcode\" id=\"audio-32448-1\" preload=\"none\" style=\"width: 100%;\" controls=\"controls\"><source type=\"audio\/mpeg\" src=\"https:\/\/www.uninter.com\/radio\/wp-content\/uploads\/2021\/10\/chave-14_10_2021_mixagem.mp3?_=1\" \/><a href=\"https:\/\/www.uninter.com\/radio\/wp-content\/uploads\/2021\/10\/chave-14_10_2021_mixagem.mp3\">https:\/\/www.uninter.com\/radio\/wp-content\/uploads\/2021\/10\/chave-14_10_2021_mixagem.mp3<\/a><\/audio>\n","protected":false},"excerpt":{"rendered":"<p>Nesta edi\u00e7\u00e3o do Chave Interdisciplinar vamos refletir sobre os desafios e as possibilidades com que&#8230;<\/p>\n","protected":false},"author":3,"featured_media":31168,"comment_status":"open","ping_status":"open","sticky":false,"template":"","format":"standard","meta":[],"categories":[2735],"tags":[],"_links":{"self":[{"href":"https:\/\/www.uninter.com\/radio\/wp-json\/wp\/v2\/posts\/32448"}],"collection":[{"href":"https:\/\/www.uninter.com\/radio\/wp-json\/wp\/v2\/posts"}],"about":[{"href":"https:\/\/www.uninter.com\/radio\/wp-json\/wp\/v2\/types\/post"}],"author":[{"embeddable":true,"href":"https:\/\/www.uninter.com\/radio\/wp-json\/wp\/v2\/users\/3"}],"replies":[{"embeddable":true,"href":"https:\/\/www.uninter.com\/radio\/wp-json\/wp\/v2\/comments?post=32448"}],"version-history":[{"count":1,"href":"https:\/\/www.uninter.com\/radio\/wp-json\/wp\/v2\/posts\/32448\/revisions"}],"predecessor-version":[{"id":32450,"href":"https:\/\/www.uninter.com\/radio\/wp-json\/wp\/v2\/posts\/32448\/revisions\/32450"}],"wp:featuredmedia":[{"embeddable":true,"href":"https:\/\/www.uninter.com\/radio\/wp-json\/wp\/v2\/media\/31168"}],"wp:attachment":[{"href":"https:\/\/www.uninter.com\/radio\/wp-json\/wp\/v2\/media?parent=32448"}],"wp:term":[{"taxonomy":"category","embeddable":true,"href":"https:\/\/www.uninter.com\/radio\/wp-json\/wp\/v2\/categories?post=32448"},{"taxonomy":"post_tag","embeddable":true,"href":"https:\/\/www.uninter.com\/radio\/wp-json\/wp\/v2\/tags?post=32448"}],"curies":[{"name":"wp","href":"https:\/\/api.w.org\/{rel}","templated":true}]}}