{"id":32426,"date":"2021-10-14T09:44:38","date_gmt":"2021-10-14T12:44:38","guid":{"rendered":"https:\/\/www.uninter.com\/radio\/?p=32426"},"modified":"2021-10-14T09:44:38","modified_gmt":"2021-10-14T12:44:38","slug":"transito-e-mobilidade-32","status":"publish","type":"post","link":"https:\/\/www.uninter.com\/radio\/transito-e-mobilidade-32","title":{"rendered":"Tr\u00e2nsito e Mobilidade #32"},"content":{"rendered":"<div dir=\"auto\">O Observat\u00f3rio Nacional de Seguran\u00e7a Vi\u00e1ria completa 10 anos em 2021 e vamos falar sobre ele no Tr\u00e2nsito e Mobilidade!<\/div>\n<div dir=\"auto\">Para o bate-papo recebemos o Vice-Presidente Observat\u00f3rio Nacional de Seguran\u00e7a Vi\u00e1ria Mauro Gil Meger, a aluna do curso de Gest\u00e3o do Tr\u00e2nsito e Mobilidade Urbana e observadora certificada Gisele Almeida, e o egresso do Curso de Gest\u00e3o do Tr\u00e2nsito e Mobilidade Urbana e observador certificado Dorival Santos.<\/div>\n<div dir=\"auto\">Acompanhe!<\/div>\n<!--[if lt IE 9]><script>document.createElement('audio');<\/script><![endif]-->\n<audio class=\"wp-audio-shortcode\" id=\"audio-32426-1\" preload=\"none\" style=\"width: 100%;\" controls=\"controls\"><source type=\"audio\/mpeg\" src=\"https:\/\/www.uninter.com\/radio\/wp-content\/uploads\/2021\/10\/transito-e-mobilidade-08_10_2021_mixagem.mp3?_=1\" \/><a href=\"https:\/\/www.uninter.com\/radio\/wp-content\/uploads\/2021\/10\/transito-e-mobilidade-08_10_2021_mixagem.mp3\">https:\/\/www.uninter.com\/radio\/wp-content\/uploads\/2021\/10\/transito-e-mobilidade-08_10_2021_mixagem.mp3<\/a><\/audio>\n","protected":false},"excerpt":{"rendered":"<p>O Observat\u00f3rio Nacional de Seguran\u00e7a Vi\u00e1ria completa 10 anos em 2021 e vamos falar sobre&#8230;<\/p>\n","protected":false},"author":3,"featured_media":31097,"comment_status":"open","ping_status":"open","sticky":false,"template":"","format":"standard","meta":[],"categories":[2718],"tags":[],"_links":{"self":[{"href":"https:\/\/www.uninter.com\/radio\/wp-json\/wp\/v2\/posts\/32426"}],"collection":[{"href":"https:\/\/www.uninter.com\/radio\/wp-json\/wp\/v2\/posts"}],"about":[{"href":"https:\/\/www.uninter.com\/radio\/wp-json\/wp\/v2\/types\/post"}],"author":[{"embeddable":true,"href":"https:\/\/www.uninter.com\/radio\/wp-json\/wp\/v2\/users\/3"}],"replies":[{"embeddable":true,"href":"https:\/\/www.uninter.com\/radio\/wp-json\/wp\/v2\/comments?post=32426"}],"version-history":[{"count":1,"href":"https:\/\/www.uninter.com\/radio\/wp-json\/wp\/v2\/posts\/32426\/revisions"}],"predecessor-version":[{"id":32428,"href":"https:\/\/www.uninter.com\/radio\/wp-json\/wp\/v2\/posts\/32426\/revisions\/32428"}],"wp:featuredmedia":[{"embeddable":true,"href":"https:\/\/www.uninter.com\/radio\/wp-json\/wp\/v2\/media\/31097"}],"wp:attachment":[{"href":"https:\/\/www.uninter.com\/radio\/wp-json\/wp\/v2\/media?parent=32426"}],"wp:term":[{"taxonomy":"category","embeddable":true,"href":"https:\/\/www.uninter.com\/radio\/wp-json\/wp\/v2\/categories?post=32426"},{"taxonomy":"post_tag","embeddable":true,"href":"https:\/\/www.uninter.com\/radio\/wp-json\/wp\/v2\/tags?post=32426"}],"curies":[{"name":"wp","href":"https:\/\/api.w.org\/{rel}","templated":true}]}}