{"id":32358,"date":"2021-10-08T11:40:38","date_gmt":"2021-10-08T14:40:38","guid":{"rendered":"https:\/\/www.uninter.com\/radio\/?p=32358"},"modified":"2021-10-08T11:40:38","modified_gmt":"2021-10-08T14:40:38","slug":"chave-interdisciplinar-58","status":"publish","type":"post","link":"https:\/\/www.uninter.com\/radio\/chave-interdisciplinar-58","title":{"rendered":"Chave Interdisciplinar #58"},"content":{"rendered":"<div dir=\"auto\">Mesmo ap\u00f3s cinco s\u00e9culos e uma intensa miscigena\u00e7\u00e3o entre povos europeus, africanos e ind\u00edgenas, ainda h\u00e1, mesmo que veladamente, a propaga\u00e7\u00e3o do padr\u00e3o europeu\/euroc\u00eantrico. Desta forma, o ensino da hist\u00f3ria e cultura afro-brasileira, africana e ind\u00edgena \u00e9 urgente e necess\u00e1rio em nosso pa\u00eds.<\/div>\n<div dir=\"auto\">Para o bate-papo recebemos os professores Esp. Gladisson da Costa e Esp. Eduardo Valli.<\/div>\n<div dir=\"auto\">Venha saber mais!<\/div>\n<!--[if lt IE 9]><script>document.createElement('audio');<\/script><![endif]-->\n<audio class=\"wp-audio-shortcode\" id=\"audio-32358-1\" preload=\"none\" style=\"width: 100%;\" controls=\"controls\"><source type=\"audio\/mpeg\" src=\"https:\/\/www.uninter.com\/radio\/wp-content\/uploads\/2021\/10\/chave-30_09_2021_mixagem.mp3?_=1\" \/><a href=\"https:\/\/www.uninter.com\/radio\/wp-content\/uploads\/2021\/10\/chave-30_09_2021_mixagem.mp3\">https:\/\/www.uninter.com\/radio\/wp-content\/uploads\/2021\/10\/chave-30_09_2021_mixagem.mp3<\/a><\/audio>\n","protected":false},"excerpt":{"rendered":"<p>Mesmo ap\u00f3s cinco s\u00e9culos e uma intensa miscigena\u00e7\u00e3o entre povos europeus, africanos e ind\u00edgenas, ainda&#8230;<\/p>\n","protected":false},"author":3,"featured_media":31168,"comment_status":"open","ping_status":"open","sticky":false,"template":"","format":"standard","meta":[],"categories":[2735],"tags":[],"_links":{"self":[{"href":"https:\/\/www.uninter.com\/radio\/wp-json\/wp\/v2\/posts\/32358"}],"collection":[{"href":"https:\/\/www.uninter.com\/radio\/wp-json\/wp\/v2\/posts"}],"about":[{"href":"https:\/\/www.uninter.com\/radio\/wp-json\/wp\/v2\/types\/post"}],"author":[{"embeddable":true,"href":"https:\/\/www.uninter.com\/radio\/wp-json\/wp\/v2\/users\/3"}],"replies":[{"embeddable":true,"href":"https:\/\/www.uninter.com\/radio\/wp-json\/wp\/v2\/comments?post=32358"}],"version-history":[{"count":1,"href":"https:\/\/www.uninter.com\/radio\/wp-json\/wp\/v2\/posts\/32358\/revisions"}],"predecessor-version":[{"id":32360,"href":"https:\/\/www.uninter.com\/radio\/wp-json\/wp\/v2\/posts\/32358\/revisions\/32360"}],"wp:featuredmedia":[{"embeddable":true,"href":"https:\/\/www.uninter.com\/radio\/wp-json\/wp\/v2\/media\/31168"}],"wp:attachment":[{"href":"https:\/\/www.uninter.com\/radio\/wp-json\/wp\/v2\/media?parent=32358"}],"wp:term":[{"taxonomy":"category","embeddable":true,"href":"https:\/\/www.uninter.com\/radio\/wp-json\/wp\/v2\/categories?post=32358"},{"taxonomy":"post_tag","embeddable":true,"href":"https:\/\/www.uninter.com\/radio\/wp-json\/wp\/v2\/tags?post=32358"}],"curies":[{"name":"wp","href":"https:\/\/api.w.org\/{rel}","templated":true}]}}