{"id":32315,"date":"2021-09-28T10:08:03","date_gmt":"2021-09-28T13:08:03","guid":{"rendered":"https:\/\/www.uninter.com\/radio\/?p=32315"},"modified":"2021-09-28T10:08:03","modified_gmt":"2021-09-28T13:08:03","slug":"conversa-com-o-reitor-67","status":"publish","type":"post","link":"https:\/\/www.uninter.com\/radio\/conversa-com-o-reitor-67","title":{"rendered":"Conversa com o Reitor #67"},"content":{"rendered":"<div dir=\"auto\">No dia 25 de setembro a R\u00e1dio Uninter completa dois anos de vida e n\u00e3o s\u00f3 ela, mas a Central de Not\u00edcias Uninter como um todo tem muito o que comemorar! No Conversa com o Reitor desta sexta (24) vamos conversar com Manoel Germano, Mauri K\u00f6nig, Barbara Carvalho, Evandro Tosin e Arthur Salles para falarmos sobre as conquistas e novidades do setor.<\/div>\n<div dir=\"auto\"><\/div>\n<!--[if lt IE 9]><script>document.createElement('audio');<\/script><![endif]-->\n<audio class=\"wp-audio-shortcode\" id=\"audio-32315-1\" preload=\"none\" style=\"width: 100%;\" controls=\"controls\"><source type=\"audio\/mpeg\" src=\"https:\/\/www.uninter.com\/radio\/wp-content\/uploads\/2021\/09\/conversa-com-o-reitor-24_09_2021_mixagem-online-audio-converter.com_.mp3?_=1\" \/><a href=\"https:\/\/www.uninter.com\/radio\/wp-content\/uploads\/2021\/09\/conversa-com-o-reitor-24_09_2021_mixagem-online-audio-converter.com_.mp3\">https:\/\/www.uninter.com\/radio\/wp-content\/uploads\/2021\/09\/conversa-com-o-reitor-24_09_2021_mixagem-online-audio-converter.com_.mp3<\/a><\/audio>\n","protected":false},"excerpt":{"rendered":"<p>No dia 25 de setembro a R\u00e1dio Uninter completa dois anos de vida e n\u00e3o&#8230;<\/p>\n","protected":false},"author":3,"featured_media":31088,"comment_status":"open","ping_status":"open","sticky":false,"template":"","format":"standard","meta":[],"categories":[2724],"tags":[],"_links":{"self":[{"href":"https:\/\/www.uninter.com\/radio\/wp-json\/wp\/v2\/posts\/32315"}],"collection":[{"href":"https:\/\/www.uninter.com\/radio\/wp-json\/wp\/v2\/posts"}],"about":[{"href":"https:\/\/www.uninter.com\/radio\/wp-json\/wp\/v2\/types\/post"}],"author":[{"embeddable":true,"href":"https:\/\/www.uninter.com\/radio\/wp-json\/wp\/v2\/users\/3"}],"replies":[{"embeddable":true,"href":"https:\/\/www.uninter.com\/radio\/wp-json\/wp\/v2\/comments?post=32315"}],"version-history":[{"count":1,"href":"https:\/\/www.uninter.com\/radio\/wp-json\/wp\/v2\/posts\/32315\/revisions"}],"predecessor-version":[{"id":32317,"href":"https:\/\/www.uninter.com\/radio\/wp-json\/wp\/v2\/posts\/32315\/revisions\/32317"}],"wp:featuredmedia":[{"embeddable":true,"href":"https:\/\/www.uninter.com\/radio\/wp-json\/wp\/v2\/media\/31088"}],"wp:attachment":[{"href":"https:\/\/www.uninter.com\/radio\/wp-json\/wp\/v2\/media?parent=32315"}],"wp:term":[{"taxonomy":"category","embeddable":true,"href":"https:\/\/www.uninter.com\/radio\/wp-json\/wp\/v2\/categories?post=32315"},{"taxonomy":"post_tag","embeddable":true,"href":"https:\/\/www.uninter.com\/radio\/wp-json\/wp\/v2\/tags?post=32315"}],"curies":[{"name":"wp","href":"https:\/\/api.w.org\/{rel}","templated":true}]}}