{"id":32195,"date":"2021-09-22T16:02:24","date_gmt":"2021-09-22T19:02:24","guid":{"rendered":"https:\/\/www.uninter.com\/radio\/?p=32195"},"modified":"2021-09-22T16:02:24","modified_gmt":"2021-09-22T19:02:24","slug":"transito-e-mobilidade-30","status":"publish","type":"post","link":"https:\/\/www.uninter.com\/radio\/transito-e-mobilidade-30","title":{"rendered":"Tr\u00e2nsito e Mobilidade #30"},"content":{"rendered":"<div dir=\"auto\">Voc\u00ea j\u00e1 ouvir falar do Movimento Ciclo-Olhar? A inciativa est\u00e1 recebendo doa\u00e7\u00f5es de capacetes para ciclistas de baixa renda. Para falar sobre o assunto recebemos Dado Galv\u00e3o (Egresso de Teologia Cat\u00f3lica Uninter e idealizador do movimento Ciclo-Olhar); Elizabeth Silveira e Talita Silveira (Polo da Uninter Vit\u00f3ria da Conquista-BA); e SIlvana Assun\u00e7\u00e3o (T\u00f4 na Trilha Vit\u00f3ria da Conquista). A<\/div>\n<div dir=\"auto\">apresenta\u00e7\u00e3o \u00e9 dos professores Gerson Buczenko e Valdilson Lopes. Acompanhe!<\/div>\n<!--[if lt IE 9]><script>document.createElement('audio');<\/script><![endif]-->\n<audio class=\"wp-audio-shortcode\" id=\"audio-32195-1\" preload=\"none\" style=\"width: 100%;\" controls=\"controls\"><source type=\"audio\/mpeg\" src=\"https:\/\/www.uninter.com\/radio\/wp-content\/uploads\/2021\/09\/transito-e-mobilidade-10_09_2021_mixagem.mp3?_=1\" \/><a href=\"https:\/\/www.uninter.com\/radio\/wp-content\/uploads\/2021\/09\/transito-e-mobilidade-10_09_2021_mixagem.mp3\">https:\/\/www.uninter.com\/radio\/wp-content\/uploads\/2021\/09\/transito-e-mobilidade-10_09_2021_mixagem.mp3<\/a><\/audio>\n","protected":false},"excerpt":{"rendered":"<p>Voc\u00ea j\u00e1 ouvir falar do Movimento Ciclo-Olhar? A inciativa est\u00e1 recebendo doa\u00e7\u00f5es de capacetes para&#8230;<\/p>\n","protected":false},"author":3,"featured_media":31097,"comment_status":"open","ping_status":"open","sticky":false,"template":"","format":"standard","meta":[],"categories":[2718],"tags":[],"_links":{"self":[{"href":"https:\/\/www.uninter.com\/radio\/wp-json\/wp\/v2\/posts\/32195"}],"collection":[{"href":"https:\/\/www.uninter.com\/radio\/wp-json\/wp\/v2\/posts"}],"about":[{"href":"https:\/\/www.uninter.com\/radio\/wp-json\/wp\/v2\/types\/post"}],"author":[{"embeddable":true,"href":"https:\/\/www.uninter.com\/radio\/wp-json\/wp\/v2\/users\/3"}],"replies":[{"embeddable":true,"href":"https:\/\/www.uninter.com\/radio\/wp-json\/wp\/v2\/comments?post=32195"}],"version-history":[{"count":1,"href":"https:\/\/www.uninter.com\/radio\/wp-json\/wp\/v2\/posts\/32195\/revisions"}],"predecessor-version":[{"id":32197,"href":"https:\/\/www.uninter.com\/radio\/wp-json\/wp\/v2\/posts\/32195\/revisions\/32197"}],"wp:featuredmedia":[{"embeddable":true,"href":"https:\/\/www.uninter.com\/radio\/wp-json\/wp\/v2\/media\/31097"}],"wp:attachment":[{"href":"https:\/\/www.uninter.com\/radio\/wp-json\/wp\/v2\/media?parent=32195"}],"wp:term":[{"taxonomy":"category","embeddable":true,"href":"https:\/\/www.uninter.com\/radio\/wp-json\/wp\/v2\/categories?post=32195"},{"taxonomy":"post_tag","embeddable":true,"href":"https:\/\/www.uninter.com\/radio\/wp-json\/wp\/v2\/tags?post=32195"}],"curies":[{"name":"wp","href":"https:\/\/api.w.org\/{rel}","templated":true}]}}