{"id":32179,"date":"2021-09-17T19:50:53","date_gmt":"2021-09-17T22:50:53","guid":{"rendered":"https:\/\/www.uninter.com\/radio\/?p=32179"},"modified":"2021-09-17T19:50:53","modified_gmt":"2021-09-17T22:50:53","slug":"uninter-informa-10-2021","status":"publish","type":"post","link":"https:\/\/www.uninter.com\/radio\/uninter-informa-10-2021","title":{"rendered":"Uninter Informa #10.2021"},"content":{"rendered":"<p id=\"viewer-9drc3\" class=\"XzvDs _208Ie _1atvN _2QAo- _25MYV _2WrB- _1atvN public-DraftStyleDefault-block-depth0 public-DraftStyleDefault-text-ltr\"><span class=\"vkIF2 public-DraftStyleDefault-ltr\">Apresentado por Jairo Wink, o programa traz quatro reportagens. A edi\u00e7\u00e3o aborda a tomada do Afeganist\u00e3o pelo grupo fundamentalista Talib\u00e3, na reportagem de Alanna Dela Possa. <\/span><\/p>\n<p id=\"viewer-c62ej\" class=\"XzvDs _208Ie _1atvN _2QAo- _25MYV _2WrB- _1atvN public-DraftStyleDefault-block-depth0 public-DraftStyleDefault-text-ltr\"><span class=\"vkIF2 public-DraftStyleDefault-ltr\">Outra reportagem trata das recentes falas do ministro da educa\u00e7\u00e3o Milton Ribeiro sobre as cotas \u00e9tnico-raciais. A quest\u00e3o gerou rea\u00e7\u00f5es de movimentos negros, conforme aborda Paulo Pess\u00f4a. <\/span><\/p>\n<div data-hook=\"rcv-block6\">Em outra reportagem, de Claudio Sampaio, o tema \u00e9 a amea\u00e7a ao setor de turismo, em S\u00e3o Lu\u00eds (MA).<\/div>\n<div data-hook=\"rcv-block6\"><\/div>\n<div data-hook=\"rcv-block8\">Por fim, em outra reportagem Renata Cristina, aborda as dificuldades de atletas deficientes no Brasil. A situa\u00e7\u00e3o contrasta com os bons resultados do pa\u00eds nas paraolimp\u00edadas.<\/div>\n<!--[if lt IE 9]><script>document.createElement('audio');<\/script><![endif]-->\n<audio class=\"wp-audio-shortcode\" id=\"audio-32179-1\" preload=\"none\" style=\"width: 100%;\" controls=\"controls\"><source type=\"audio\/mpeg\" src=\"https:\/\/www.uninter.com\/radio\/wp-content\/uploads\/2021\/09\/UI03-09-2021_mixagem.mp3?_=1\" \/><a href=\"https:\/\/www.uninter.com\/radio\/wp-content\/uploads\/2021\/09\/UI03-09-2021_mixagem.mp3\">https:\/\/www.uninter.com\/radio\/wp-content\/uploads\/2021\/09\/UI03-09-2021_mixagem.mp3<\/a><\/audio>\n","protected":false},"excerpt":{"rendered":"<p>Apresentado por Jairo Wink, o programa traz quatro reportagens. A edi\u00e7\u00e3o aborda a tomada do&#8230;<\/p>\n","protected":false},"author":3,"featured_media":31197,"comment_status":"open","ping_status":"open","sticky":false,"template":"","format":"standard","meta":[],"categories":[2747],"tags":[],"_links":{"self":[{"href":"https:\/\/www.uninter.com\/radio\/wp-json\/wp\/v2\/posts\/32179"}],"collection":[{"href":"https:\/\/www.uninter.com\/radio\/wp-json\/wp\/v2\/posts"}],"about":[{"href":"https:\/\/www.uninter.com\/radio\/wp-json\/wp\/v2\/types\/post"}],"author":[{"embeddable":true,"href":"https:\/\/www.uninter.com\/radio\/wp-json\/wp\/v2\/users\/3"}],"replies":[{"embeddable":true,"href":"https:\/\/www.uninter.com\/radio\/wp-json\/wp\/v2\/comments?post=32179"}],"version-history":[{"count":1,"href":"https:\/\/www.uninter.com\/radio\/wp-json\/wp\/v2\/posts\/32179\/revisions"}],"predecessor-version":[{"id":32181,"href":"https:\/\/www.uninter.com\/radio\/wp-json\/wp\/v2\/posts\/32179\/revisions\/32181"}],"wp:featuredmedia":[{"embeddable":true,"href":"https:\/\/www.uninter.com\/radio\/wp-json\/wp\/v2\/media\/31197"}],"wp:attachment":[{"href":"https:\/\/www.uninter.com\/radio\/wp-json\/wp\/v2\/media?parent=32179"}],"wp:term":[{"taxonomy":"category","embeddable":true,"href":"https:\/\/www.uninter.com\/radio\/wp-json\/wp\/v2\/categories?post=32179"},{"taxonomy":"post_tag","embeddable":true,"href":"https:\/\/www.uninter.com\/radio\/wp-json\/wp\/v2\/tags?post=32179"}],"curies":[{"name":"wp","href":"https:\/\/api.w.org\/{rel}","templated":true}]}}