{"id":32167,"date":"2021-09-17T19:20:42","date_gmt":"2021-09-17T22:20:42","guid":{"rendered":"https:\/\/www.uninter.com\/radio\/?p=32167"},"modified":"2021-09-17T19:20:42","modified_gmt":"2021-09-17T22:20:42","slug":"diversos-da-pos-41","status":"publish","type":"post","link":"https:\/\/www.uninter.com\/radio\/diversos-da-pos-41","title":{"rendered":"Diversos da P\u00f3s #41"},"content":{"rendered":"<div dir=\"auto\">O M\u00eas e o Dia Mundial do Alzheimer, s\u00e3o uma campanha internacional da Alzheimer\u2019s Disease International (ADI) realizada para aumentar a conscientiza\u00e7\u00e3o e desafiar o estigma que cerca a dem\u00eancia, e vamos falar sobre isso no Diversos da P\u00f3s.<\/div>\n<div dir=\"auto\">Para a conversa recebemos Fernanda Cercal e Vin\u00edcius Berdnarczuk, com apresenta\u00e7\u00e3o de Ana Paula Coimbra e Cristiane Ripka<\/div>\n<div dir=\"auto\">Acompanhe!<\/div>\n<!--[if lt IE 9]><script>document.createElement('audio');<\/script><![endif]-->\n<audio class=\"wp-audio-shortcode\" id=\"audio-32167-1\" preload=\"none\" style=\"width: 100%;\" controls=\"controls\"><source type=\"audio\/mpeg\" src=\"https:\/\/www.uninter.com\/radio\/wp-content\/uploads\/2021\/09\/diveros-da-p\u00f3s-02_09_2021_mixagem.mp3?_=1\" \/><a href=\"https:\/\/www.uninter.com\/radio\/wp-content\/uploads\/2021\/09\/diveros-da-p\u00f3s-02_09_2021_mixagem.mp3\">https:\/\/www.uninter.com\/radio\/wp-content\/uploads\/2021\/09\/diveros-da-p\u00f3s-02_09_2021_mixagem.mp3<\/a><\/audio>\n","protected":false},"excerpt":{"rendered":"<p>O M\u00eas e o Dia Mundial do Alzheimer, s\u00e3o uma campanha internacional da Alzheimer\u2019s Disease&#8230;<\/p>\n","protected":false},"author":3,"featured_media":31180,"comment_status":"open","ping_status":"open","sticky":false,"template":"","format":"standard","meta":[],"categories":[2704],"tags":[],"_links":{"self":[{"href":"https:\/\/www.uninter.com\/radio\/wp-json\/wp\/v2\/posts\/32167"}],"collection":[{"href":"https:\/\/www.uninter.com\/radio\/wp-json\/wp\/v2\/posts"}],"about":[{"href":"https:\/\/www.uninter.com\/radio\/wp-json\/wp\/v2\/types\/post"}],"author":[{"embeddable":true,"href":"https:\/\/www.uninter.com\/radio\/wp-json\/wp\/v2\/users\/3"}],"replies":[{"embeddable":true,"href":"https:\/\/www.uninter.com\/radio\/wp-json\/wp\/v2\/comments?post=32167"}],"version-history":[{"count":1,"href":"https:\/\/www.uninter.com\/radio\/wp-json\/wp\/v2\/posts\/32167\/revisions"}],"predecessor-version":[{"id":32169,"href":"https:\/\/www.uninter.com\/radio\/wp-json\/wp\/v2\/posts\/32167\/revisions\/32169"}],"wp:featuredmedia":[{"embeddable":true,"href":"https:\/\/www.uninter.com\/radio\/wp-json\/wp\/v2\/media\/31180"}],"wp:attachment":[{"href":"https:\/\/www.uninter.com\/radio\/wp-json\/wp\/v2\/media?parent=32167"}],"wp:term":[{"taxonomy":"category","embeddable":true,"href":"https:\/\/www.uninter.com\/radio\/wp-json\/wp\/v2\/categories?post=32167"},{"taxonomy":"post_tag","embeddable":true,"href":"https:\/\/www.uninter.com\/radio\/wp-json\/wp\/v2\/tags?post=32167"}],"curies":[{"name":"wp","href":"https:\/\/api.w.org\/{rel}","templated":true}]}}