{"id":32155,"date":"2021-09-17T19:02:43","date_gmt":"2021-09-17T22:02:43","guid":{"rendered":"https:\/\/www.uninter.com\/radio\/?p=32155"},"modified":"2021-09-17T19:02:43","modified_gmt":"2021-09-17T22:02:43","slug":"memoria-viva-73","status":"publish","type":"post","link":"https:\/\/www.uninter.com\/radio\/memoria-viva-73","title":{"rendered":"Mem\u00f3ria Viva #73"},"content":{"rendered":"<p>Esta edi\u00e7\u00e3o do Mem\u00f3ria Viva conta a hist\u00f3ria da Mary Silva, ela \u00e9 gestora do polo de Ibitinga, em S\u00e3o Paulo.<\/p>\n<!--[if lt IE 9]><script>document.createElement('audio');<\/script><![endif]-->\n<audio class=\"wp-audio-shortcode\" id=\"audio-32155-1\" preload=\"none\" style=\"width: 100%;\" controls=\"controls\"><source type=\"audio\/mpeg\" src=\"https:\/\/www.uninter.com\/radio\/wp-content\/uploads\/2021\/09\/memoria-viva-02_09_2021_mixagem.mp3?_=1\" \/><a href=\"https:\/\/www.uninter.com\/radio\/wp-content\/uploads\/2021\/09\/memoria-viva-02_09_2021_mixagem.mp3\">https:\/\/www.uninter.com\/radio\/wp-content\/uploads\/2021\/09\/memoria-viva-02_09_2021_mixagem.mp3<\/a><\/audio>\n","protected":false},"excerpt":{"rendered":"<p>Esta edi\u00e7\u00e3o do Mem\u00f3ria Viva conta a hist\u00f3ria da Mary Silva, ela \u00e9 gestora do&#8230;<\/p>\n","protected":false},"author":3,"featured_media":31159,"comment_status":"open","ping_status":"open","sticky":false,"template":"","format":"standard","meta":[],"categories":[2712],"tags":[],"_links":{"self":[{"href":"https:\/\/www.uninter.com\/radio\/wp-json\/wp\/v2\/posts\/32155"}],"collection":[{"href":"https:\/\/www.uninter.com\/radio\/wp-json\/wp\/v2\/posts"}],"about":[{"href":"https:\/\/www.uninter.com\/radio\/wp-json\/wp\/v2\/types\/post"}],"author":[{"embeddable":true,"href":"https:\/\/www.uninter.com\/radio\/wp-json\/wp\/v2\/users\/3"}],"replies":[{"embeddable":true,"href":"https:\/\/www.uninter.com\/radio\/wp-json\/wp\/v2\/comments?post=32155"}],"version-history":[{"count":1,"href":"https:\/\/www.uninter.com\/radio\/wp-json\/wp\/v2\/posts\/32155\/revisions"}],"predecessor-version":[{"id":32157,"href":"https:\/\/www.uninter.com\/radio\/wp-json\/wp\/v2\/posts\/32155\/revisions\/32157"}],"wp:featuredmedia":[{"embeddable":true,"href":"https:\/\/www.uninter.com\/radio\/wp-json\/wp\/v2\/media\/31159"}],"wp:attachment":[{"href":"https:\/\/www.uninter.com\/radio\/wp-json\/wp\/v2\/media?parent=32155"}],"wp:term":[{"taxonomy":"category","embeddable":true,"href":"https:\/\/www.uninter.com\/radio\/wp-json\/wp\/v2\/categories?post=32155"},{"taxonomy":"post_tag","embeddable":true,"href":"https:\/\/www.uninter.com\/radio\/wp-json\/wp\/v2\/tags?post=32155"}],"curies":[{"name":"wp","href":"https:\/\/api.w.org\/{rel}","templated":true}]}}