{"id":32130,"date":"2021-09-17T18:26:52","date_gmt":"2021-09-17T21:26:52","guid":{"rendered":"https:\/\/www.uninter.com\/radio\/?p=32130"},"modified":"2021-09-17T18:26:52","modified_gmt":"2021-09-17T21:26:52","slug":"talento-em-foco-58","status":"publish","type":"post","link":"https:\/\/www.uninter.com\/radio\/talento-em-foco-58","title":{"rendered":"Talento em Foco #58"},"content":{"rendered":"<p>O Talento em Foco traz mais um cap\u00edtulo da s\u00e9rie Inspira\u00e7\u00f5es, vamos conhecer a hist\u00f3ria de Ivo Carraro, psic\u00f3logo e coordenador psicopedag\u00f3gico.<\/p>\n<!--[if lt IE 9]><script>document.createElement('audio');<\/script><![endif]-->\n<audio class=\"wp-audio-shortcode\" id=\"audio-32130-1\" preload=\"none\" style=\"width: 100%;\" controls=\"controls\"><source type=\"audio\/mpeg\" src=\"https:\/\/www.uninter.com\/radio\/wp-content\/uploads\/2021\/09\/talento-em-foco-30_08_2021_mixagem.mp3?_=1\" \/><a href=\"https:\/\/www.uninter.com\/radio\/wp-content\/uploads\/2021\/09\/talento-em-foco-30_08_2021_mixagem.mp3\">https:\/\/www.uninter.com\/radio\/wp-content\/uploads\/2021\/09\/talento-em-foco-30_08_2021_mixagem.mp3<\/a><\/audio>\n","protected":false},"excerpt":{"rendered":"<p>O Talento em Foco traz mais um cap\u00edtulo da s\u00e9rie Inspira\u00e7\u00f5es, vamos conhecer a hist\u00f3ria&#8230;<\/p>\n","protected":false},"author":3,"featured_media":31128,"comment_status":"open","ping_status":"open","sticky":false,"template":"","format":"standard","meta":[],"categories":[2723],"tags":[],"_links":{"self":[{"href":"https:\/\/www.uninter.com\/radio\/wp-json\/wp\/v2\/posts\/32130"}],"collection":[{"href":"https:\/\/www.uninter.com\/radio\/wp-json\/wp\/v2\/posts"}],"about":[{"href":"https:\/\/www.uninter.com\/radio\/wp-json\/wp\/v2\/types\/post"}],"author":[{"embeddable":true,"href":"https:\/\/www.uninter.com\/radio\/wp-json\/wp\/v2\/users\/3"}],"replies":[{"embeddable":true,"href":"https:\/\/www.uninter.com\/radio\/wp-json\/wp\/v2\/comments?post=32130"}],"version-history":[{"count":1,"href":"https:\/\/www.uninter.com\/radio\/wp-json\/wp\/v2\/posts\/32130\/revisions"}],"predecessor-version":[{"id":32132,"href":"https:\/\/www.uninter.com\/radio\/wp-json\/wp\/v2\/posts\/32130\/revisions\/32132"}],"wp:featuredmedia":[{"embeddable":true,"href":"https:\/\/www.uninter.com\/radio\/wp-json\/wp\/v2\/media\/31128"}],"wp:attachment":[{"href":"https:\/\/www.uninter.com\/radio\/wp-json\/wp\/v2\/media?parent=32130"}],"wp:term":[{"taxonomy":"category","embeddable":true,"href":"https:\/\/www.uninter.com\/radio\/wp-json\/wp\/v2\/categories?post=32130"},{"taxonomy":"post_tag","embeddable":true,"href":"https:\/\/www.uninter.com\/radio\/wp-json\/wp\/v2\/tags?post=32130"}],"curies":[{"name":"wp","href":"https:\/\/api.w.org\/{rel}","templated":true}]}}