{"id":32114,"date":"2021-09-13T17:15:07","date_gmt":"2021-09-13T20:15:07","guid":{"rendered":"https:\/\/www.uninter.com\/radio\/?p=32114"},"modified":"2021-09-13T17:15:07","modified_gmt":"2021-09-13T20:15:07","slug":"transito-e-mobilidade-29","status":"publish","type":"post","link":"https:\/\/www.uninter.com\/radio\/transito-e-mobilidade-29","title":{"rendered":"Tr\u00e2nsito e Mobilidade #29"},"content":{"rendered":"<div dir=\"auto\">De acordo com a Organiza\u00e7\u00e3o das Na\u00e7\u00f5es Unidas (ONU) existem fatores de maiores riscos no tr\u00e2nsito, e o programa Tr\u00e2nsito e Mobilidade vai falar sobre eles.<\/div>\n<div dir=\"auto\">Para isto, recebemos Abimadabe Vieira, Educadora de Tr\u00e2nsito e Observadora Certificada do Observat\u00f3rio Nacional de Seguran\u00e7a Vi\u00e1ria.<\/div>\n<div dir=\"auto\">Acompanhe!<\/div>\n<!--[if lt IE 9]><script>document.createElement('audio');<\/script><![endif]-->\n<audio class=\"wp-audio-shortcode\" id=\"audio-32114-1\" preload=\"none\" style=\"width: 100%;\" controls=\"controls\"><source type=\"audio\/mpeg\" src=\"https:\/\/www.uninter.com\/radio\/wp-content\/uploads\/2021\/09\/transito-e-mobilidade-27_08_2021_mixagem.mp3?_=1\" \/><a href=\"https:\/\/www.uninter.com\/radio\/wp-content\/uploads\/2021\/09\/transito-e-mobilidade-27_08_2021_mixagem.mp3\">https:\/\/www.uninter.com\/radio\/wp-content\/uploads\/2021\/09\/transito-e-mobilidade-27_08_2021_mixagem.mp3<\/a><\/audio>\n","protected":false},"excerpt":{"rendered":"<p>De acordo com a Organiza\u00e7\u00e3o das Na\u00e7\u00f5es Unidas (ONU) existem fatores de maiores riscos no&#8230;<\/p>\n","protected":false},"author":3,"featured_media":31097,"comment_status":"open","ping_status":"open","sticky":false,"template":"","format":"standard","meta":[],"categories":[2718],"tags":[],"_links":{"self":[{"href":"https:\/\/www.uninter.com\/radio\/wp-json\/wp\/v2\/posts\/32114"}],"collection":[{"href":"https:\/\/www.uninter.com\/radio\/wp-json\/wp\/v2\/posts"}],"about":[{"href":"https:\/\/www.uninter.com\/radio\/wp-json\/wp\/v2\/types\/post"}],"author":[{"embeddable":true,"href":"https:\/\/www.uninter.com\/radio\/wp-json\/wp\/v2\/users\/3"}],"replies":[{"embeddable":true,"href":"https:\/\/www.uninter.com\/radio\/wp-json\/wp\/v2\/comments?post=32114"}],"version-history":[{"count":1,"href":"https:\/\/www.uninter.com\/radio\/wp-json\/wp\/v2\/posts\/32114\/revisions"}],"predecessor-version":[{"id":32116,"href":"https:\/\/www.uninter.com\/radio\/wp-json\/wp\/v2\/posts\/32114\/revisions\/32116"}],"wp:featuredmedia":[{"embeddable":true,"href":"https:\/\/www.uninter.com\/radio\/wp-json\/wp\/v2\/media\/31097"}],"wp:attachment":[{"href":"https:\/\/www.uninter.com\/radio\/wp-json\/wp\/v2\/media?parent=32114"}],"wp:term":[{"taxonomy":"category","embeddable":true,"href":"https:\/\/www.uninter.com\/radio\/wp-json\/wp\/v2\/categories?post=32114"},{"taxonomy":"post_tag","embeddable":true,"href":"https:\/\/www.uninter.com\/radio\/wp-json\/wp\/v2\/tags?post=32114"}],"curies":[{"name":"wp","href":"https:\/\/api.w.org\/{rel}","templated":true}]}}