{"id":32105,"date":"2021-09-13T17:05:30","date_gmt":"2021-09-13T20:05:30","guid":{"rendered":"https:\/\/www.uninter.com\/radio\/?p=32105"},"modified":"2021-09-13T17:05:30","modified_gmt":"2021-09-13T20:05:30","slug":"conversa-com-o-reitor-63","status":"publish","type":"post","link":"https:\/\/www.uninter.com\/radio\/conversa-com-o-reitor-63","title":{"rendered":"Conversa com o Reitor #63"},"content":{"rendered":"<div dir=\"auto\">O I Pr\u00eamio Top Inova\u00e7\u00e3o Uninter \u00e9 a iniciativa que vai reconhecer gestores de entidades p\u00fablicas e privadas que implementaram a\u00e7\u00f5es em prol do desenvolvimento socioecon\u00f4mico, e n\u00f3s vamos falar mais sobre ele no Conversa com o Reitor.<\/div>\n<div dir=\"auto\">Para o bate-papo, Benhur Gaio recebe Ricieri Garbelini e Caroline Brasil, representantes que est\u00e3o a frente do projeto.<\/div>\n<div dir=\"auto\">Acompanhe!<\/div>\n<!--[if lt IE 9]><script>document.createElement('audio');<\/script><![endif]-->\n<audio class=\"wp-audio-shortcode\" id=\"audio-32105-1\" preload=\"none\" style=\"width: 100%;\" controls=\"controls\"><source type=\"audio\/mpeg\" src=\"https:\/\/www.uninter.com\/radio\/wp-content\/uploads\/2021\/09\/conversa-com-o-reitor-27_08_2021_mixagem.mp3?_=1\" \/><a href=\"https:\/\/www.uninter.com\/radio\/wp-content\/uploads\/2021\/09\/conversa-com-o-reitor-27_08_2021_mixagem.mp3\">https:\/\/www.uninter.com\/radio\/wp-content\/uploads\/2021\/09\/conversa-com-o-reitor-27_08_2021_mixagem.mp3<\/a><\/audio>\n","protected":false},"excerpt":{"rendered":"<p>O I Pr\u00eamio Top Inova\u00e7\u00e3o Uninter \u00e9 a iniciativa que vai reconhecer gestores de entidades&#8230;<\/p>\n","protected":false},"author":3,"featured_media":31088,"comment_status":"open","ping_status":"open","sticky":false,"template":"","format":"standard","meta":[],"categories":[2724],"tags":[],"_links":{"self":[{"href":"https:\/\/www.uninter.com\/radio\/wp-json\/wp\/v2\/posts\/32105"}],"collection":[{"href":"https:\/\/www.uninter.com\/radio\/wp-json\/wp\/v2\/posts"}],"about":[{"href":"https:\/\/www.uninter.com\/radio\/wp-json\/wp\/v2\/types\/post"}],"author":[{"embeddable":true,"href":"https:\/\/www.uninter.com\/radio\/wp-json\/wp\/v2\/users\/3"}],"replies":[{"embeddable":true,"href":"https:\/\/www.uninter.com\/radio\/wp-json\/wp\/v2\/comments?post=32105"}],"version-history":[{"count":1,"href":"https:\/\/www.uninter.com\/radio\/wp-json\/wp\/v2\/posts\/32105\/revisions"}],"predecessor-version":[{"id":32107,"href":"https:\/\/www.uninter.com\/radio\/wp-json\/wp\/v2\/posts\/32105\/revisions\/32107"}],"wp:featuredmedia":[{"embeddable":true,"href":"https:\/\/www.uninter.com\/radio\/wp-json\/wp\/v2\/media\/31088"}],"wp:attachment":[{"href":"https:\/\/www.uninter.com\/radio\/wp-json\/wp\/v2\/media?parent=32105"}],"wp:term":[{"taxonomy":"category","embeddable":true,"href":"https:\/\/www.uninter.com\/radio\/wp-json\/wp\/v2\/categories?post=32105"},{"taxonomy":"post_tag","embeddable":true,"href":"https:\/\/www.uninter.com\/radio\/wp-json\/wp\/v2\/tags?post=32105"}],"curies":[{"name":"wp","href":"https:\/\/api.w.org\/{rel}","templated":true}]}}